{"id":1285,"date":"2015-06-26T10:25:03","date_gmt":"2015-06-26T08:25:03","guid":{"rendered":"https:\/\/www.basika.fr\/blog\/?p=1285"},"modified":"2015-06-26T10:25:03","modified_gmt":"2015-06-26T08:25:03","slug":"quel-bureau-acheter-a-un-adolescent","status":"publish","type":"post","link":"http:\/\/www.basika.fr\/blog\/quel-bureau-acheter-a-un-adolescent\/","title":{"rendered":"Quel bureau acheter \u00e0 un adolescent ?"},"content":{"rendered":"<p>Pour les ados, la d\u00e9coration de leur chambre ainsi que le choix de leurs meubles sont tr\u00e8s importants. Ils doivent se sentir bien dans leur espace de vie, que ce soit pour y dormir ou pour y faire leurs devoirs. D\u00e8s lors, il vaut mieux que leur coin <strong>bureau<\/strong> leur convienne et qu\u2019il corresponde \u00e0 leur mode de vie et de travail. Et pour cela, il est pr\u00e9f\u00e9rable de les laisser choisir. Apr\u00e8s tout, ils savent mieux que personne ce dont ils ont besoin.<\/p>\n<h2>Un meuble pratique, avec des rangements et esth\u00e9tique<\/h2>\n<p>Au coll\u00e8ge ou au lyc\u00e9e, pour leurs devoirs, les <strong>adolescents<\/strong> utilisent souvent un ordinateur mais aussi des livres. Il leur faut de la place pour \u00e9taler toutes leurs affaires et pouvoir retrouver leurs cahiers, feuilles, stylos et supports p\u00e9dagogiques rapidement. Par cons\u00e9quent, il est recommand\u00e9 de leur acheter un <a href=\"http:\/\/www.basika.fr\/bureau-meuble-informatique.htm\">bureau<\/a> avec un grand plateau et des rangements. Ainsi, ils pourront s\u2019\u00e9parpiller quand ils \u00e9tudient puis, tout ranger quand ils ont termin\u00e9. Il ne faut pas oublier que ce mobilier doit leur permettre d\u2019\u00eatre performant et de travailler dans les meilleures conditions possibles. Pour le bureau, vous avez le choix entre plusieurs mat\u00e9riaux\u00a0: bois, verre, MDF, m\u00e9tal &#8230;etc. Enfin, si le meuble que votre adolescent aime est \u00e9quip\u00e9 de peu de rangements, n\u2019h\u00e9sitez pas \u00e0 lui acheter quelques <a href=\"http:\/\/www.basika.fr\/etageres-caissons-rangement-bureau.htm\">\u00e9tag\u00e8res<\/a> murales, niches, tablettes ou caissons pour qu\u2019il puisse avoir ses affaires \u00e0 proximit\u00e9 de son espace de travail.<\/p>\n<h2>Quel style faut-il privil\u00e9gier\u00a0?<\/h2>\n<p>Pour cette question, il n\u2019y a pas de r\u00e8gle pr\u00e9d\u00e9finie. En fait, cela d\u00e9pend des go\u00fbts de votre enfant, de la <strong>d\u00e9coration<\/strong> de sa chambre, du budget dont vous disposez mais aussi, de sa mani\u00e8re de travailler. Aujourd\u2019hui, les boutiques de mobilier comme la n\u00f4tre propose un large choix de r\u00e9f\u00e9rences. Vous retrouvez des bureaux de style industriel ou contemporain, des mod\u00e8les color\u00e9s, d\u2019autres plus anciens, des pi\u00e8ces vintage mais aussi, plus \u00e9pur\u00e9es ou s\u2019inspirant de la d\u00e9coration scandinave. Et si votre adolescent a envie d\u2019un meuble sur-mesure, qui lui ressemble, vous pouvez lui acheter un mobilier tout simple et le laisser le d\u00e9corer avec des stickers, de la peinture ou des objets d\u00e9coratifs.<\/p>\n","protected":false},"excerpt":{"rendered":"<p>Pour les ados, la d\u00e9coration de leur chambre ainsi que le choix de leurs meubles sont tr\u00e8s importants. Ils doivent se sentir bien dans leur espace de vie, que ce soit pour y dormir ou pour y faire leurs devoirs. D\u00e8s lors, il vaut mieux que leur coin bureau leur convienne et qu\u2019il corresponde \u00e0<\/p>\n","protected":false},"author":1,"featured_media":0,"comment_status":"closed","ping_status":"closed","sticky":false,"template":"","format":"standard","meta":{"footnotes":""},"categories":[1],"tags":[364,363],"class_list":["post-1285","post","type-post","status-publish","format-standard","hentry","category-non-classe","tag-acheter-bureau-pour-ado","tag-bureau-adolescent"],"aioseo_notices":[],"amp_enabled":true,"_links":{"self":[{"href":"http:\/\/www.basika.fr\/blog\/wp-json\/wp\/v2\/posts\/1285","targetHints":{"allow":["GET"]}}],"collection":[{"href":"http:\/\/www.basika.fr\/blog\/wp-json\/wp\/v2\/posts"}],"about":[{"href":"http:\/\/www.basika.fr\/blog\/wp-json\/wp\/v2\/types\/post"}],"author":[{"embeddable":true,"href":"http:\/\/www.basika.fr\/blog\/wp-json\/wp\/v2\/users\/1"}],"replies":[{"embeddable":true,"href":"http:\/\/www.basika.fr\/blog\/wp-json\/wp\/v2\/comments?post=1285"}],"version-history":[{"count":5,"href":"http:\/\/www.basika.fr\/blog\/wp-json\/wp\/v2\/posts\/1285\/revisions"}],"predecessor-version":[{"id":1290,"href":"http:\/\/www.basika.fr\/blog\/wp-json\/wp\/v2\/posts\/1285\/revisions\/1290"}],"wp:attachment":[{"href":"http:\/\/www.basika.fr\/blog\/wp-json\/wp\/v2\/media?parent=1285"}],"wp:term":[{"taxonomy":"category","embeddable":true,"href":"http:\/\/www.basika.fr\/blog\/wp-json\/wp\/v2\/categories?post=1285"},{"taxonomy":"post_tag","embeddable":true,"href":"http:\/\/www.basika.fr\/blog\/wp-json\/wp\/v2\/tags?post=1285"}],"curies":[{"name":"wp","href":"https:\/\/api.w.org\/{rel}","templated":true}]}}