{"id":1590,"date":"2016-02-24T09:29:40","date_gmt":"2016-02-24T08:29:40","guid":{"rendered":"https:\/\/www.basika.fr\/blog\/?p=1590"},"modified":"2016-02-24T09:29:40","modified_gmt":"2016-02-24T08:29:40","slug":"preparez-larrivee-du-printemps-en-renouvelant-vos-meubles-de-jardin","status":"publish","type":"post","link":"http:\/\/www.basika.fr\/blog\/preparez-larrivee-du-printemps-en-renouvelant-vos-meubles-de-jardin\/","title":{"rendered":"Pr\u00e9parez l\u2019arriv\u00e9e du printemps en renouvelant vos meubles de jardin !"},"content":{"rendered":"<p style=\"text-align: justify;\">Dans un mois, les beaux jours seront de retour. Et comme chaque ann\u00e9e, l\u2019arriv\u00e9e du printemps annonce \u00e9galement celle des barbecues, des repas pris dans le <strong>jardin<\/strong> et des moments de d\u00e9tente au soleil. Pour en profiter pleinement et \u00eatre pr\u00eat d\u00e8s les premiers rayons de soleil, il est donc temps de vous occuper de votre mobilier ext\u00e9rieur. En effet, la fin de l\u2019hiver est la bonne p\u00e9riode pour acheter des meubles, surtout sur Internet o\u00f9 le choix est plus important.<\/p>\n<h2 style=\"text-align: justify;\">Misez sur des pi\u00e8ces de qualit\u00e9 et fonctionnelles<\/h2>\n<p style=\"text-align: justify;\"><a href=\"http:\/\/www.basika.fr\/blog\/wp-content\/uploads\/meubles-de-jardin1.jpg\"><img loading=\"lazy\" decoding=\"async\" class=\"wp-image-1593 size-full aligncenter\" src=\"http:\/\/www.basika.fr\/blog\/wp-content\/uploads\/meubles-de-jardin1.jpg\" alt=\"salon de jardin en rotin pour le printemps\" width=\"600\" height=\"450\" srcset=\"https:\/\/www.basika.fr\/blog\/wp-content\/uploads\/meubles-de-jardin1.jpg 600w, https:\/\/www.basika.fr\/blog\/wp-content\/uploads\/meubles-de-jardin1-300x225.jpg 300w\" sizes=\"auto, (max-width: 600px) 100vw, 600px\" \/><\/a><\/p>\n<p style=\"text-align: justify;\">Si vous n\u2019avez pas envie de remplacer votre <strong>mobilier<\/strong> de <a href=\"http:\/\/www.basika.fr\/blog\/la-table-de-pique-nique-meuble-de-jardin-ideal-pour-les-repas-en-famille\/\">jardin<\/a> tous les ans, mieux vaut miser sur des articles r\u00e9sistants et de qualit\u00e9 sup\u00e9rieure. Certes, le co\u00fbt sera plus \u00e9lev\u00e9 mais au moins, vous pourrez garder vos meubles d\u2019une saison \u00e0 l\u2019autre et pendant plusieurs ann\u00e9es. Il s\u2019agit donc plus d\u2019un investissement que d\u2019un achat coup de c\u0153ur. D\u2019o\u00f9 l\u2019importance de bien choisir les mat\u00e9riaux de votre salon. Vous pouvez opter pour du teck qui r\u00e9siste \u00e0 l\u2019humidit\u00e9 et aux intemp\u00e9ries. La r\u00e9sine tress\u00e9e est \u00e9galement tr\u00e8s solide tout comme les ensembles de jardin en aluminium. Privil\u00e9giez \u00e9galement des pi\u00e8ces faciles \u00e0 ranger (des chaises qu\u2019on peut plier ou empiler les unes sur les autres) et modulables (une table avec une rallonge par exemple). De m\u00eame, n\u2019h\u00e9sitez pas \u00e0 choisir un pack avec plusieurs meubles car cela vous co\u00fbtera moins cher que d\u2019acheter les tables, les chaises et les fauteuils s\u00e9par\u00e9ment.<\/p>\n<h2 style=\"text-align: justify;\">Rendez votre ext\u00e9rieur plus cosy et convivial\u00a0!<\/h2>\n<p style=\"text-align: justify;\">Avoir un beau jardin permet de mettre en valeur une maison et donne envie d\u2019y passer du temps. Quand le soleil brille et que les temp\u00e9ratures sont plus cl\u00e9mentes, il est tout de m\u00eame plus agr\u00e9able d\u2019\u00eatre dehors que de rester enferm\u00e9 \u00e0 l\u2019int\u00e9rieur\u00a0! Alors, pour cr\u00e9er une atmosph\u00e8re propice \u00e0 la d\u00e9tente au milieu des arbustes et des massifs fleuris, vous pouvez am\u00e9nager un coin salon avec une <strong>table<\/strong> basse en teck et quelques fauteuils autour. Sur une <a href=\"http:\/\/www.basika.fr\/blog\/comment-reamenager-une-terrasse-avec-un-petit-budget\/\">terrasse<\/a>, une table et des chaises seront id\u00e9ales pour accueillir vos amis et votre famille. Pour une touche de confort suppl\u00e9mentaire, il suffit d\u2019ajouter des coussins voire des plaids pour les soir\u00e9es un peu fra\u00eeches. Enfin, n\u2019oubliez pas non plus d\u2019acqu\u00e9rir quelques transats pour bronzer et faire une sieste au soleil\u00a0! Alors, n\u2019attendez pas qu\u2019il soit trop tard et que les stocks soient d\u00e9valis\u00e9s, commandez d\u00e8s \u00e0 pr\u00e9sent votre mobilier en teck ou en r\u00e9sine tress\u00e9e\u00a0!<\/p>\n","protected":false},"excerpt":{"rendered":"<p>Dans un mois, les beaux jours seront de retour. Et comme chaque ann\u00e9e, l\u2019arriv\u00e9e du printemps annonce \u00e9galement celle des barbecues, des repas pris dans le jardin et des moments de d\u00e9tente au soleil. Pour en profiter pleinement et \u00eatre pr\u00eat d\u00e8s les premiers rayons de soleil, il est donc temps de vous occuper de<\/p>\n","protected":false},"author":1,"featured_media":0,"comment_status":"closed","ping_status":"closed","sticky":false,"template":"","format":"standard","meta":{"footnotes":""},"categories":[1],"tags":[],"class_list":["post-1590","post","type-post","status-publish","format-standard","hentry","category-non-classe"],"aioseo_notices":[],"amp_enabled":true,"_links":{"self":[{"href":"http:\/\/www.basika.fr\/blog\/wp-json\/wp\/v2\/posts\/1590","targetHints":{"allow":["GET"]}}],"collection":[{"href":"http:\/\/www.basika.fr\/blog\/wp-json\/wp\/v2\/posts"}],"about":[{"href":"http:\/\/www.basika.fr\/blog\/wp-json\/wp\/v2\/types\/post"}],"author":[{"embeddable":true,"href":"http:\/\/www.basika.fr\/blog\/wp-json\/wp\/v2\/users\/1"}],"replies":[{"embeddable":true,"href":"http:\/\/www.basika.fr\/blog\/wp-json\/wp\/v2\/comments?post=1590"}],"version-history":[{"count":3,"href":"http:\/\/www.basika.fr\/blog\/wp-json\/wp\/v2\/posts\/1590\/revisions"}],"predecessor-version":[{"id":1596,"href":"http:\/\/www.basika.fr\/blog\/wp-json\/wp\/v2\/posts\/1590\/revisions\/1596"}],"wp:attachment":[{"href":"http:\/\/www.basika.fr\/blog\/wp-json\/wp\/v2\/media?parent=1590"}],"wp:term":[{"taxonomy":"category","embeddable":true,"href":"http:\/\/www.basika.fr\/blog\/wp-json\/wp\/v2\/categories?post=1590"},{"taxonomy":"post_tag","embeddable":true,"href":"http:\/\/www.basika.fr\/blog\/wp-json\/wp\/v2\/tags?post=1590"}],"curies":[{"name":"wp","href":"https:\/\/api.w.org\/{rel}","templated":true}]}}