{"id":1705,"date":"2016-09-07T09:41:23","date_gmt":"2016-09-07T07:41:23","guid":{"rendered":"https:\/\/www.basika.fr\/blog\/?p=1705"},"modified":"2016-09-07T09:41:23","modified_gmt":"2016-09-07T07:41:23","slug":"le-mobilier-de-jardin-seduit-a-nouveau-les-menages-francais","status":"publish","type":"post","link":"http:\/\/www.basika.fr\/blog\/le-mobilier-de-jardin-seduit-a-nouveau-les-menages-francais\/","title":{"rendered":"Le mobilier de jardin s\u00e9duit \u00e0 nouveau les m\u00e9nages fran\u00e7ais !"},"content":{"rendered":"<p style=\"text-align: justify;\">Depuis plusieurs ann\u00e9es, le march\u00e9 du <strong>mobilier<\/strong> d\u2019ext\u00e9rieur est en plein essor. Les Fran\u00e7ais ach\u00e8tent de plus en plus de meubles de <a href=\"http:\/\/www.basika.fr\/blog\/amenager-facilement-une-cuisine-dexterieur-dans-un-jardin-ou-sur-une-terrasse\/\">jardin<\/a> et \u00e0 c\u00f4t\u00e9 des traditionnelles tables et chaises, on trouve aussi d\u2019autres produits tels que des dessertes, divers mod\u00e8les de transat et des accessoires de d\u00e9co. Il y en a donc pour tous les go\u00fbts et tous les budgets. Et ces derniers temps, les pi\u00e8ces fabriqu\u00e9es en France sont tr\u00e8s recherch\u00e9es, bien que leurs prix soient plus \u00e9lev\u00e9es. De m\u00eame, on note un engouement pour les ensembles en bois qui sont r\u00e9sistants et esth\u00e9tiques.<\/p>\n<h2 style=\"text-align: justify;\">L\u2019ext\u00e9rieur, une pi\u00e8ce de vie suppl\u00e9mentaire<\/h2>\n<p><a href=\"http:\/\/www.basika.fr\/blog\/wp-content\/uploads\/mobilier-de-jardin-dans-les-menages-francais.jpg\"><img loading=\"lazy\" decoding=\"async\" class=\"aligncenter wp-image-1706 size-full\" src=\"http:\/\/www.basika.fr\/blog\/wp-content\/uploads\/mobilier-de-jardin-dans-les-menages-francais.jpg\" alt=\"Un salon d'ext\u00e9rieur esth\u00e9tique et confortable !\" width=\"800\" height=\"533\" srcset=\"https:\/\/www.basika.fr\/blog\/wp-content\/uploads\/mobilier-de-jardin-dans-les-menages-francais.jpg 800w, https:\/\/www.basika.fr\/blog\/wp-content\/uploads\/mobilier-de-jardin-dans-les-menages-francais-300x200.jpg 300w\" sizes=\"auto, (max-width: 800px) 100vw, 800px\" \/><\/a><\/p>\n<p style=\"text-align: justify;\">Pendant longtemps, quand il faisait beau, on se contentait de sortir la <strong>table<\/strong> et les chaises de la cuisine pour manger dehors. Puis sont apparus les premiers <a href=\"http:\/\/www.basika.fr\/meuble-jardin.htm\">salons d\u2019ext\u00e9rieur<\/a>. Mais aujourd\u2019hui, les consommateurs sont pr\u00eats \u00e0 investir dans leur jardin pour en faire un v\u00e9ritable espace de vie. Et ce ph\u00e9nom\u00e8ne ne se limite pas \u00e0 la campagne puisque les meubles en bois, en m\u00e9tal ou en plastique investissent aussi les villes et les balcons ou terrasses. Synonymes de vacances, ils permettent de profiter de la belle saison, de se d\u00e9tendre et de se reposer. C\u2019est pourquoi les m\u00e9nages privil\u00e9gient le mobilier fonctionnel, qui se range facilement par exemple, qui est peu encombrant, pratique, qui s\u2019entretient ais\u00e9ment. Mais aussi, des transats, tables et autres pi\u00e8ces solides, qui dureront quelques ann\u00e9es. D\u2019ailleurs, en France, on les conserve pendant 8 ans en moyenne, ce qui n\u2019emp\u00eache pas les consommateurs de compl\u00e9ter leur mobilier avec de nouveaux articles au fil des saisons.<\/p>\n<h2 style=\"text-align: justify;\">Des meubles toujours plus innovants et originaux<\/h2>\n<p style=\"text-align: justify;\">Ce march\u00e9 se porte plut\u00f4t bien puisqu\u2019il conna\u00eet une croissance de pr\u00e8s de 3%. Saisonnier, il se compose de chaque ann\u00e9e de collections de plus en plus compl\u00e8tes. On est loin du temps des simples tables en plastique. D\u00e9sormais, on trouve de tout et on peut se cr\u00e9er un vrai salon de <strong>jardin<\/strong> aussi confortable et convivial que celui de la maison. On veut y prendre l\u2019ap\u00e9ritif, y recevoir sa famille, ses amis, y manger, y cuisiner et aussi, permettre aux enfants de s\u2019y amuser. Si le mobilier made in France a le vent en poupe, c\u2019est aussi le cas des meubles innovants, qui sortent de l\u2019ordinaire comme les canap\u00e9s gonflables par exemple, ou les pi\u00e8ces plus design. De m\u00eame, on ne se limite plus \u00e0 quelques fauteuils. On ach\u00e8te aussi des accessoires de d\u00e9co, des tissus, des objets comme des luminaires (guirlandes lumineuses et lampadaires par ex) et des statuettes. On trouve \u00e9galement quelques articles high-tech qui sont parfaitement con\u00e7us pour un usage ext\u00e9rieur. Et d\u00e8s la fin de l\u2019hiver, les premi\u00e8res collections des fabricants et des marques arrivent en boutique pour le plus grand plaisir des Fran\u00e7ais qui n\u2019attendent plus le d\u00e9but de l\u2019\u00e9t\u00e9 pour acqu\u00e9rir de nouveaux meubles\u00a0!<\/p>\n","protected":false},"excerpt":{"rendered":"<p>Depuis plusieurs ann\u00e9es, le march\u00e9 du mobilier d\u2019ext\u00e9rieur est en plein essor. Les Fran\u00e7ais ach\u00e8tent de plus en plus de meubles de jardin et \u00e0 c\u00f4t\u00e9 des traditionnelles tables et chaises, on trouve aussi d\u2019autres produits tels que des dessertes, divers mod\u00e8les de transat et des accessoires de d\u00e9co. Il y en a donc pour<\/p>\n","protected":false},"author":1,"featured_media":0,"comment_status":"closed","ping_status":"closed","sticky":false,"template":"","format":"standard","meta":{"footnotes":""},"categories":[1],"tags":[],"class_list":["post-1705","post","type-post","status-publish","format-standard","hentry","category-non-classe"],"aioseo_notices":[],"amp_enabled":true,"_links":{"self":[{"href":"http:\/\/www.basika.fr\/blog\/wp-json\/wp\/v2\/posts\/1705","targetHints":{"allow":["GET"]}}],"collection":[{"href":"http:\/\/www.basika.fr\/blog\/wp-json\/wp\/v2\/posts"}],"about":[{"href":"http:\/\/www.basika.fr\/blog\/wp-json\/wp\/v2\/types\/post"}],"author":[{"embeddable":true,"href":"http:\/\/www.basika.fr\/blog\/wp-json\/wp\/v2\/users\/1"}],"replies":[{"embeddable":true,"href":"http:\/\/www.basika.fr\/blog\/wp-json\/wp\/v2\/comments?post=1705"}],"version-history":[{"count":1,"href":"http:\/\/www.basika.fr\/blog\/wp-json\/wp\/v2\/posts\/1705\/revisions"}],"predecessor-version":[{"id":1707,"href":"http:\/\/www.basika.fr\/blog\/wp-json\/wp\/v2\/posts\/1705\/revisions\/1707"}],"wp:attachment":[{"href":"http:\/\/www.basika.fr\/blog\/wp-json\/wp\/v2\/media?parent=1705"}],"wp:term":[{"taxonomy":"category","embeddable":true,"href":"http:\/\/www.basika.fr\/blog\/wp-json\/wp\/v2\/categories?post=1705"},{"taxonomy":"post_tag","embeddable":true,"href":"http:\/\/www.basika.fr\/blog\/wp-json\/wp\/v2\/tags?post=1705"}],"curies":[{"name":"wp","href":"https:\/\/api.w.org\/{rel}","templated":true}]}}