{"id":1269,"date":"2015-06-22T09:23:54","date_gmt":"2015-06-22T07:23:54","guid":{"rendered":"https:\/\/www.basika.fr\/blog\/?p=1269"},"modified":"2020-11-13T16:51:50","modified_gmt":"2020-11-13T15:51:50","slug":"associer-blanc-et-bois-pour-une-deco-epuree","status":"publish","type":"post","link":"https:\/\/www.basika.fr\/blog\/associer-blanc-et-bois-pour-une-deco-epuree\/","title":{"rendered":"Associer blanc et bois pour une d\u00e9co \u00e9pur\u00e9e"},"content":{"rendered":"<p>Dans un int\u00e9rieur, le <strong>bois<\/strong> et la couleur blanche se marient tr\u00e8s bien ensemble et permettent de donner une note \u00e9pur\u00e9e \u00e0 n\u2019importe quelle pi\u00e8ce. Vous pouvez les associer ensemble dans une cuisine, un salon, une chambre ou encore une <a href=\"http:\/\/www.basika.fr\/meuble-salle-de-bain.htm\">salle de bain<\/a>. Le blanc, qui est doux et velout\u00e9, calme le c\u00f4t\u00e9 plus ardent du bois. En plus cette couleur s\u2019assemble parfaitement avec la teinte naturelle de ce mat\u00e9riau.<\/p>\n<h2>Une d\u00e9coration sobre et intemporelle<\/h2>\n<p>Si vous avez envie de sobri\u00e9t\u00e9, de luminosit\u00e9 et de simplicit\u00e9 dans votre maison, privil\u00e9giez des meubles<strong> blancs<\/strong> et fabriqu\u00e9s en bois. Cette association de mati\u00e8re et de couleur est tr\u00e8s zen et apporte tout de suite une touche de naturel et de chaleur dans une pi\u00e8ce. En plus, si celle-ci est un peu sombre, cela la rendra plus claire et donc, plus lumineuse. Dans un salon par exemple, vous pouvez mettre un <a href=\"http:\/\/www.basika.fr\/meuble-canapes-fixes-angle.htm\">canap\u00e9<\/a> blanc sur un tapis beige ou gris clair et disposez aux quatre coins de la pi\u00e8ce une table basse, une console et une biblioth\u00e8que en bois. Si vous souhaitez la rendre encore plus confortable, n\u2019h\u00e9sitez pas \u00e0 ajouter quelques fauteuils dans des tons proches. Pensez aussi aux accessoires de d\u00e9coration, comme des lampes, des rideaux, des tableaux et des coussins, qui apporteront aussi une note de simplicit\u00e9.<\/p>\n<h2>Pourquoi cette association fonctionne si bien\u00a0?<\/h2>\n<p>Ce duo s\u2019inspire beaucoup du style scandinave qui est \u00e0 la mode depuis quelques saisons. La puret\u00e9 du blanc att\u00e9nue l\u2019aspect rugueux ou rustique du bois. Ce dernier, notamment quand il est couleur miel, r\u00e9chauffe ce ton un peu froid. Ensemble, ces deux-l\u00e0 rendent les <strong>meubles<\/strong> plus authentiques, chaleureux tout en \u00e9tant contemporains et lumineux. Souvent, les lignes de ces mobiliers sont \u00e9pur\u00e9es pour davantage de clart\u00e9. Le teck, le ch\u00eane, le bambou et le c\u00e8dre s\u2019associent donc tr\u00e8s bien avec la c\u00e9ramique, la m\u00e9lamine et le MDF ou la r\u00e9sine. Dans une pi\u00e8ce, ces meubles permettent de l\u2019agrandir. Et lors de votre am\u00e9nagement, n\u2019ayez pas peur d\u2019ajouter un peu de beige, de l\u2019\u00e9cru ou du gris, des couleurs douces qui sont assez proches. Et pour le bois, nous vous conseillons des mat\u00e9riaux naturels bruts.<\/p>\n","protected":false},"excerpt":{"rendered":"<p>Dans un int\u00e9rieur, le bois et la couleur blanche se marient tr\u00e8s bien ensemble et permettent de donner une note \u00e9pur\u00e9e \u00e0 n\u2019importe quelle pi\u00e8ce. Vous pouvez les associer ensemble dans une cuisine, un salon, une chambre ou encore une salle de bain. Le blanc, qui est doux et velout\u00e9, calme le c\u00f4t\u00e9 plus ardent<\/p>\n","protected":false},"author":1,"featured_media":0,"comment_status":"closed","ping_status":"closed","sticky":false,"template":"","format":"standard","meta":{"footnotes":""},"categories":[490],"tags":[359,360],"class_list":["post-1269","post","type-post","status-publish","format-standard","hentry","category-tendances-deco","tag-blanc-et-bois-pour-deco-epuree","tag-meuble-blanc-et-bois"],"aioseo_notices":[],"amp_enabled":true,"_links":{"self":[{"href":"https:\/\/www.basika.fr\/blog\/wp-json\/wp\/v2\/posts\/1269","targetHints":{"allow":["GET"]}}],"collection":[{"href":"https:\/\/www.basika.fr\/blog\/wp-json\/wp\/v2\/posts"}],"about":[{"href":"https:\/\/www.basika.fr\/blog\/wp-json\/wp\/v2\/types\/post"}],"author":[{"embeddable":true,"href":"https:\/\/www.basika.fr\/blog\/wp-json\/wp\/v2\/users\/1"}],"replies":[{"embeddable":true,"href":"https:\/\/www.basika.fr\/blog\/wp-json\/wp\/v2\/comments?post=1269"}],"version-history":[{"count":6,"href":"https:\/\/www.basika.fr\/blog\/wp-json\/wp\/v2\/posts\/1269\/revisions"}],"predecessor-version":[{"id":1275,"href":"https:\/\/www.basika.fr\/blog\/wp-json\/wp\/v2\/posts\/1269\/revisions\/1275"}],"wp:attachment":[{"href":"https:\/\/www.basika.fr\/blog\/wp-json\/wp\/v2\/media?parent=1269"}],"wp:term":[{"taxonomy":"category","embeddable":true,"href":"https:\/\/www.basika.fr\/blog\/wp-json\/wp\/v2\/categories?post=1269"},{"taxonomy":"post_tag","embeddable":true,"href":"https:\/\/www.basika.fr\/blog\/wp-json\/wp\/v2\/tags?post=1269"}],"curies":[{"name":"wp","href":"https:\/\/api.w.org\/{rel}","templated":true}]}}