{"id":1314,"date":"2015-07-06T09:31:25","date_gmt":"2015-07-06T07:31:25","guid":{"rendered":"https:\/\/www.basika.fr\/blog\/?p=1314"},"modified":"2020-11-13T16:57:59","modified_gmt":"2020-11-13T15:57:59","slug":"bibliotheque-optez-pour-une-version-coloree-pour-ranger-vos-livres-et-bibelots","status":"publish","type":"post","link":"https:\/\/www.basika.fr\/blog\/bibliotheque-optez-pour-une-version-coloree-pour-ranger-vos-livres-et-bibelots\/","title":{"rendered":"Biblioth\u00e8que : optez pour une version color\u00e9e pour ranger vos livres et bibelots !"},"content":{"rendered":"<p style=\"text-align: justify;\">Dans un salon, une chambre ou un bureau, la <strong>biblioth\u00e8que<\/strong> fait partie des indispensables. Elle est id\u00e9ale pour ranger vos livres, exposer de jolis accessoires de d\u00e9coration ou des photos. Et aujourd\u2019hui, vous avez le choix entre de nombreux mod\u00e8les. Que votre d\u00e9co soit classique, design ou <a href=\"http:\/\/www.basika.fr\/blog\/associer-blanc-et-bois-pour-une-deco-epuree\/\">scandinave<\/a>, vous trouverez forc\u00e9ment la r\u00e9f\u00e9rence adapt\u00e9e \u00e0 votre pi\u00e8ce. Sur notre site, vous profitez d\u2019ailleurs d\u2019une s\u00e9lection vari\u00e9e de produits. Mais si vous avez envie d\u2019une biblioth\u00e8que qui sorte un peu de l\u2019ordinaire et qui ne soit pas juste un meuble de rangement, choisissez-en une color\u00e9e\u00a0!<\/p>\n<h2 style=\"text-align: justify;\">Quelle couleur choisir pour que cela reste d\u00e9coratif ?<\/h2>\n<p style=\"text-align: justify;\">Pour \u00e9gayer une pi\u00e8ce, il n\u2019y a rien de mieux qu\u2019une <a href=\"http:\/\/www.basika.fr\/meuble-vitrines-etageres.htm\">biblioth\u00e8que<\/a> color\u00e9e. Seulement, face au large choix qui s\u2019offre \u00e0 vous, il peut \u00eatre difficile de d\u00e9cider quel mod\u00e8le acheter. Est-ce que la couleur ira bien avec la <strong>d\u00e9coration<\/strong> et le reste du mobilier\u00a0? Quel coloris prendre, plut\u00f4t clair, vif, pastel ou classique\u00a0? Quel est le mat\u00e9riau le plus adapt\u00e9\u00a0? Autant de questions que l\u2019on se pose lors de l\u2019achat de cette \u00e9tag\u00e8re un peu originale. D\u2019une maison \u00e0 une autre, les r\u00e9ponses diff\u00e8reront. Mais de mani\u00e8re g\u00e9n\u00e9rale, nous pouvons vous dire qu\u2019il est pr\u00e9f\u00e9rable de choisir un coloris qui soit assorti \u00e0 vos murs et \u00e0 votre mobilier. Pour la forme et les mat\u00e9riaux, notre conseil sera similaire. Il faut que votre meuble s\u2019int\u00e8gre parfaitement \u00e0 votre d\u00e9coration. En tout cas, rassurez-vous, les palettes de coloris propos\u00e9es par les fabricants \u00e9tant assez vari\u00e9es, vous finirez forc\u00e9ment par trouver le mod\u00e8le qui vous convient. Pour vous aider, sachez que dans une pi\u00e8ce claire, une \u00e9tag\u00e8re fonc\u00e9e ressortira mieux. A l\u2019inverse, dans une chambre un peu sombre, mieux vaut opter pou un meuble clair ou vif qui apportera de la luminosit\u00e9.<\/p>\n<h2 style=\"text-align: justify;\">Et si vous personnalisez votre propre mobilier\u00a0?<\/h2>\n<p style=\"text-align: justify;\">Si vous avez vraiment envie d\u2019une biblioth\u00e8que avec de la couleur mais que vous ne trouvez pas celle qu\u2019il vous faut, contentez-vous d\u2019acheter un mod\u00e8le classique. Ensuite, chez vous, vous pourrez la repeindre dans le coloris que vous souhaitez. Vous pourrez m\u00eame m\u00e9langer les couleurs en peignant la structure en gris fonc\u00e9 par exemple et l\u2019int\u00e9rieur des niches en bleu. Au moins, vous \u00eates s\u00fbr d\u2019avoir un <strong>mobilier<\/strong> qui vous pla\u00eet et qui est unique. Bien s\u00fbr, vous pouvez vous contenter d\u2019un seul ton si vous pr\u00e9f\u00e9rez. Ou si vous n\u2019avez pas envie de peindre, sachez qu\u2019il existe de tr\u00e8s beaux papiers peints adh\u00e9sifs que l\u2019on peut coller sur les meubles. C\u2019est facile, rapide et en quelques minutes, vous customisez votre \u00e9tag\u00e8re. Et plus elle sera voyante, plus elle apportera de la fantaisie \u00e0 votre pi\u00e8ce et deviendra le pilier de votre d\u00e9coration\u00a0!<\/p>\n","protected":false},"excerpt":{"rendered":"<p>Dans un salon, une chambre ou un bureau, la biblioth\u00e8que fait partie des indispensables. Elle est id\u00e9ale pour ranger vos livres, exposer de jolis accessoires de d\u00e9coration ou des photos. Et aujourd\u2019hui, vous avez le choix entre de nombreux mod\u00e8les. Que votre d\u00e9co soit classique, design ou scandinave, vous trouverez forc\u00e9ment la r\u00e9f\u00e9rence adapt\u00e9e \u00e0<\/p>\n","protected":false},"author":1,"featured_media":0,"comment_status":"closed","ping_status":"closed","sticky":false,"template":"","format":"standard","meta":{"footnotes":""},"categories":[492],"tags":[372,373],"class_list":["post-1314","post","type-post","status-publish","format-standard","hentry","category-guides-achats","tag-bibliotheque-coloree","tag-bibliotheque-pour-ranger-livres"],"aioseo_notices":[],"amp_enabled":true,"_links":{"self":[{"href":"https:\/\/www.basika.fr\/blog\/wp-json\/wp\/v2\/posts\/1314","targetHints":{"allow":["GET"]}}],"collection":[{"href":"https:\/\/www.basika.fr\/blog\/wp-json\/wp\/v2\/posts"}],"about":[{"href":"https:\/\/www.basika.fr\/blog\/wp-json\/wp\/v2\/types\/post"}],"author":[{"embeddable":true,"href":"https:\/\/www.basika.fr\/blog\/wp-json\/wp\/v2\/users\/1"}],"replies":[{"embeddable":true,"href":"https:\/\/www.basika.fr\/blog\/wp-json\/wp\/v2\/comments?post=1314"}],"version-history":[{"count":7,"href":"https:\/\/www.basika.fr\/blog\/wp-json\/wp\/v2\/posts\/1314\/revisions"}],"predecessor-version":[{"id":1321,"href":"https:\/\/www.basika.fr\/blog\/wp-json\/wp\/v2\/posts\/1314\/revisions\/1321"}],"wp:attachment":[{"href":"https:\/\/www.basika.fr\/blog\/wp-json\/wp\/v2\/media?parent=1314"}],"wp:term":[{"taxonomy":"category","embeddable":true,"href":"https:\/\/www.basika.fr\/blog\/wp-json\/wp\/v2\/categories?post=1314"},{"taxonomy":"post_tag","embeddable":true,"href":"https:\/\/www.basika.fr\/blog\/wp-json\/wp\/v2\/tags?post=1314"}],"curies":[{"name":"wp","href":"https:\/\/api.w.org\/{rel}","templated":true}]}}