{"id":135,"date":"2013-07-25T12:10:54","date_gmt":"2013-07-25T10:10:54","guid":{"rendered":"https:\/\/www.basika.fr\/blog\/?p=135"},"modified":"2014-09-11T16:56:47","modified_gmt":"2014-09-11T14:56:47","slug":"le-matelas-a-memoire-de-forme","status":"publish","type":"post","link":"https:\/\/www.basika.fr\/blog\/le-matelas-a-memoire-de-forme\/","title":{"rendered":"Le matelas \u00e0 m\u00e9moire de forme"},"content":{"rendered":"<p style=\"text-align: justify;\">Sur la boutique en ligne Basika, vous avez\u00a0 la possibilit\u00e9 d\u2019acheter de la literie de grande qualit\u00e9 \u00e0 des prix tr\u00e8s avantageux\u00a0! Aujourd\u2019hui, nous vous proposons de d\u00e9couvrir notre s\u00e9lection de\u00a0matelas \u00e0 m\u00e9moire de forme\u00a0!<!--more--><\/p>\n<h3 style=\"text-align: justify;\"><strong>Pourquoi choisir un matelas m\u00e9moire de forme ?<\/strong><\/h3>\n<p style=\"text-align: center;\"><strong><img loading=\"lazy\" decoding=\"async\" class=\"aligncenter\" src=\"http:\/\/www.basika.fr\/photos\/100031308-1\/matelas-memoire-de-forme-medical-form.jpg\" alt=\"\" width=\"360\" height=\"154\" \/><br \/>\n<\/strong><\/p>\n<p style=\"text-align: justify;\">Le matelas \u00e0 m\u00e9moire de forme est une technologie qui a \u00e9t\u00e9 d\u00e9velopp\u00e9e par la NASA avant d&rsquo;\u00eatre mise \u00e0 la disposition du grand public. Quelles que soient votre corpulence ou votre mani\u00e8re de dormir, le <strong>matelas <\/strong>\u00e0 m\u00e9moire de forme, fabriqu\u00e9 en visco\u00e9lastique,\u00a0\u00e9pouse la forme de votre corps et vous garantit un confort sans pr\u00e9c\u00e9dent. De plus, en appuyant sur les points de pressions il est parfait pour les personnes souffrant de\u00a0douleurs articulaires, de probl\u00e8mes de dos ou en pr\u00e9vention de tous ces maux. Enfin, bon nombre de ces matelas poss\u00e8dent un syst\u00e8me de ventilation\u00a0qui favorise la circulation d\u2019air et \u00e9vite, par cons\u00e9quent, la prolif\u00e9ration des acariens.<\/p>\n<p style=\"text-align: justify;\">Pour une meilleure m\u00e9moire de forme, le matelas devra poss\u00e9der une densit\u00e9 de mousse d&rsquo;au moins 80kg \/ m3 pour une personne qui a un poids entre 50 \u00e0 100kg.<\/p>\n<h3 style=\"text-align: justify;\"><strong style=\"font-size: 16px;\">D\u00e9couvrez la s\u00e9lection de Basika<\/strong><\/h3>\n<p style=\"text-align: justify;\">Sur notre site Internet, vous avez la possibilit\u00e9 d\u2019acheter un\u00a0<strong><a title=\"Matelas \u00e0 m\u00e9moire de forme\" href=\"http:\/\/www.basika.fr\/matelas-memoire-de-forme.htm\">matelas m\u00e9moire de forme<\/a><\/strong> pour une fourchette de prix allant de 200 \u20ac \u00e0 1000\u20ac. Plus la densit\u00e9 de la mousse est forte, plus le lit est confortable et plus le prix est \u00e9lev\u00e9. Il s&rsquo;agit donc d&rsquo;un investissement cons\u00e9quent, mais amortit sur plus de dix ans et avec des r\u00e9sultats surprenants\u00a0! Par ailleurs, lorsqu&rsquo;on sait que l&rsquo;on passe plus d&rsquo;1\/3 de sa vie dans son <strong>lit<\/strong>, il est important de ne pas sous-estimer l&rsquo;importance de la qualit\u00e9.<\/p>\n<p style=\"text-align: justify;\">Un conseil pour choisir ? Contactez notre \u00e9quipe\u00a0: nous vous aiderons \u00e0 trouver le matelas le plus adapt\u00e9 \u00e0 vos besoins.<\/p>\n<p style=\"text-align: justify;\">&nbsp;<\/p>\n","protected":false},"excerpt":{"rendered":"<p>Sur la boutique en ligne Basika, vous avez\u00a0 la possibilit\u00e9 d\u2019acheter de la literie de grande qualit\u00e9 \u00e0 des prix tr\u00e8s avantageux\u00a0! Aujourd\u2019hui, nous vous proposons de d\u00e9couvrir notre s\u00e9lection de\u00a0matelas \u00e0 m\u00e9moire de forme\u00a0!<\/p>\n","protected":false},"author":1,"featured_media":0,"comment_status":"closed","ping_status":"open","sticky":false,"template":"","format":"standard","meta":{"footnotes":""},"categories":[1],"tags":[56,21,22,80,79],"class_list":["post-135","post","type-post","status-publish","format-standard","hentry","category-non-classe","tag-lit","tag-literie","tag-matelas","tag-matelas-a-memoire-de-forme","tag-memoire-de-forme"],"aioseo_notices":[],"amp_enabled":true,"_links":{"self":[{"href":"https:\/\/www.basika.fr\/blog\/wp-json\/wp\/v2\/posts\/135","targetHints":{"allow":["GET"]}}],"collection":[{"href":"https:\/\/www.basika.fr\/blog\/wp-json\/wp\/v2\/posts"}],"about":[{"href":"https:\/\/www.basika.fr\/blog\/wp-json\/wp\/v2\/types\/post"}],"author":[{"embeddable":true,"href":"https:\/\/www.basika.fr\/blog\/wp-json\/wp\/v2\/users\/1"}],"replies":[{"embeddable":true,"href":"https:\/\/www.basika.fr\/blog\/wp-json\/wp\/v2\/comments?post=135"}],"version-history":[{"count":4,"href":"https:\/\/www.basika.fr\/blog\/wp-json\/wp\/v2\/posts\/135\/revisions"}],"predecessor-version":[{"id":593,"href":"https:\/\/www.basika.fr\/blog\/wp-json\/wp\/v2\/posts\/135\/revisions\/593"}],"wp:attachment":[{"href":"https:\/\/www.basika.fr\/blog\/wp-json\/wp\/v2\/media?parent=135"}],"wp:term":[{"taxonomy":"category","embeddable":true,"href":"https:\/\/www.basika.fr\/blog\/wp-json\/wp\/v2\/categories?post=135"},{"taxonomy":"post_tag","embeddable":true,"href":"https:\/\/www.basika.fr\/blog\/wp-json\/wp\/v2\/tags?post=135"}],"curies":[{"name":"wp","href":"https:\/\/api.w.org\/{rel}","templated":true}]}}