{"id":1391,"date":"2015-08-06T09:29:55","date_gmt":"2015-08-06T07:29:55","guid":{"rendered":"https:\/\/www.basika.fr\/blog\/?p=1391"},"modified":"2015-08-06T09:30:14","modified_gmt":"2015-08-06T07:30:14","slug":"pour-vos-soirees-ete-donnez-un-air-de-fete-a-votre-jardin","status":"publish","type":"post","link":"https:\/\/www.basika.fr\/blog\/pour-vos-soirees-ete-donnez-un-air-de-fete-a-votre-jardin\/","title":{"rendered":"Pour vos soir\u00e9es d\u2019\u00e9t\u00e9, donnez un air de f\u00eate \u00e0 votre jardin !"},"content":{"rendered":"<p style=\"text-align: justify;\">Le mois de juillet touche \u00e0 sa fin mais il reste encore ao\u00fbt pour profiter des soir\u00e9es d\u2019\u00e9t\u00e9 et des vacances. Et \u00e0 cette p\u00e9riode de l\u2019ann\u00e9e, quand le temps le permet, il n\u2019y a rien de plus agr\u00e9able qu\u2019un d\u00eener entre amis ou en famille, dehors, sur une <strong>terrasse<\/strong> ou dans un <a href=\"http:\/\/www.basika.fr\/meuble-jardin.htm\">jardin<\/a>. Cela permet de profiter de la douceur estivale, des longues soir\u00e9es et de passer un agr\u00e9able moment avec ses proches.<\/p>\n<h2 style=\"text-align: justify;\">Illuminez votre ext\u00e9rieur avec de jolies lumi\u00e8res<\/h2>\n<p style=\"text-align: justify;\">Bien que les soir\u00e9es durent plus longtemps en \u00e9t\u00e9, elles ne sont pas \u00e9ternelles. Vient un moment o\u00f9 le soleil se couche laissant place \u00e0 la nuit, \u00e0 la lune et aux \u00e9toiles. Et m\u00eame si le ciel est d\u00e9gag\u00e9, il est rare que la seule lumi\u00e8re de la lune soit suffisante. D\u00e8s lors, pour profiter de votre <strong>jardin<\/strong> et rester dehors avec vos proches, vous pouvez accrocher des guirlandes lumineuses sur vos murs ou tout autour de votre terrasse. Cela permettra d\u2019\u00e9clairer l\u00e9g\u00e8rement votre ext\u00e9rieur sans diffuser une lumi\u00e8re trop agressive. De m\u00eame, vous pouvez opter pour des gros lampions avec des bougies \u00e0 disposer aux quatre coins de votre <a href=\"http:\/\/www.basika.fr\/blog\/transformez-votre-balcon-en-un-ecrin-de-verdure\/\">terrasse<\/a>. Dans votre jardin, si vous avez des arbres avec des grandes branches facilement accessibles, n\u2019h\u00e9sitez pas \u00e0 fixer quelques lanternes en papier. Choisissez des mod\u00e8les de diff\u00e9rentes couleurs pour disperser une lumi\u00e8re douce et tamis\u00e9e.<\/p>\n<h2 style=\"text-align: justify;\">Privil\u00e9giez des meubles color\u00e9s et conviviaux<\/h2>\n<p style=\"text-align: justify;\">Pour que votre jardin se pare d\u2019habits de f\u00eate, outre des lumi\u00e8res et guirlandes, vous aurez besoin d\u2019un peu de mobilier. Pour changer des couleurs naturelles et traditionnelles, n\u2019h\u00e9sitez pas \u00e0 opter pour des meubles <strong>ext\u00e9rieur<\/strong>s color\u00e9s. Aujourd\u2019hui, on trouve un large choix de coloris. Bleu, vert, rose, violet, jaune, orange ou encore avec des motifs, il y en a vraiment pour tous les go\u00fbts. Dehors, cela permet d\u2019apporter une note color\u00e9e et joyeuse. En plus, vous en trouvez dans tous les mat\u00e9riaux, en bois, en plastique ou en r\u00e9sine tress\u00e9e par exemple. Pensez \u00e9galement aux petits accessoires comme de gros pots de fleurs et des coussins avec des dessins. Et quand la nuit tombe, n\u2019h\u00e9sitez pas \u00e0 poser des photophores sur votre table. Cela sera tr\u00e8s festif lorsqu\u2019ils seront tous allum\u00e9s.<\/p>\n","protected":false},"excerpt":{"rendered":"<p>Le mois de juillet touche \u00e0 sa fin mais il reste encore ao\u00fbt pour profiter des soir\u00e9es d\u2019\u00e9t\u00e9 et des vacances. Et \u00e0 cette p\u00e9riode de l\u2019ann\u00e9e, quand le temps le permet, il n\u2019y a rien de plus agr\u00e9able qu\u2019un d\u00eener entre amis ou en famille, dehors, sur une terrasse ou dans un jardin. Cela<\/p>\n","protected":false},"author":1,"featured_media":0,"comment_status":"closed","ping_status":"closed","sticky":false,"template":"","format":"standard","meta":{"footnotes":""},"categories":[1],"tags":[399,398],"class_list":["post-1391","post","type-post","status-publish","format-standard","hentry","category-non-classe","tag-deco-jardin","tag-deco-jardin-soirees-ete"],"aioseo_notices":[],"amp_enabled":true,"_links":{"self":[{"href":"https:\/\/www.basika.fr\/blog\/wp-json\/wp\/v2\/posts\/1391","targetHints":{"allow":["GET"]}}],"collection":[{"href":"https:\/\/www.basika.fr\/blog\/wp-json\/wp\/v2\/posts"}],"about":[{"href":"https:\/\/www.basika.fr\/blog\/wp-json\/wp\/v2\/types\/post"}],"author":[{"embeddable":true,"href":"https:\/\/www.basika.fr\/blog\/wp-json\/wp\/v2\/users\/1"}],"replies":[{"embeddable":true,"href":"https:\/\/www.basika.fr\/blog\/wp-json\/wp\/v2\/comments?post=1391"}],"version-history":[{"count":4,"href":"https:\/\/www.basika.fr\/blog\/wp-json\/wp\/v2\/posts\/1391\/revisions"}],"predecessor-version":[{"id":1395,"href":"https:\/\/www.basika.fr\/blog\/wp-json\/wp\/v2\/posts\/1391\/revisions\/1395"}],"wp:attachment":[{"href":"https:\/\/www.basika.fr\/blog\/wp-json\/wp\/v2\/media?parent=1391"}],"wp:term":[{"taxonomy":"category","embeddable":true,"href":"https:\/\/www.basika.fr\/blog\/wp-json\/wp\/v2\/categories?post=1391"},{"taxonomy":"post_tag","embeddable":true,"href":"https:\/\/www.basika.fr\/blog\/wp-json\/wp\/v2\/tags?post=1391"}],"curies":[{"name":"wp","href":"https:\/\/api.w.org\/{rel}","templated":true}]}}