{"id":1568,"date":"2016-01-26T09:23:22","date_gmt":"2016-01-26T08:23:22","guid":{"rendered":"https:\/\/www.basika.fr\/blog\/?p=1568"},"modified":"2021-02-05T10:09:55","modified_gmt":"2021-02-05T09:09:55","slug":"decoration-interieure-quelles-sont-les-grandes-tendances-pour-2016","status":"publish","type":"post","link":"https:\/\/www.basika.fr\/blog\/decoration-interieure-quelles-sont-les-grandes-tendances-pour-2016\/","title":{"rendered":"D\u00e9coration int\u00e9rieure : quelles sont les grandes tendances pour 2016 ?"},"content":{"rendered":"<p style=\"text-align: justify;\">Le premier mois de cette ann\u00e9e <strong>2016<\/strong> touche bient\u00f4t \u00e0 sa fin mais il est encore temps de se pencher sur les tendances qui seront tr\u00e8s \u00e0 la mode les prochains mois. En effet, comme dans le secteur du pr\u00eat-\u00e0-porter et de la couture, on retrouve de nouvelles collections chaque saison avec des nouveaut\u00e9s. Et si certains styles auront encore le vent en poupe en 2016, d\u2019autres seront remplac\u00e9s permettant ainsi un renouvellement.<\/p>\n<h2 style=\"text-align: justify;\">Les styles qui seront privil\u00e9gi\u00e9s cette ann\u00e9e<\/h2>\n<p style=\"text-align: justify;\"><a href=\"http:\/\/www.basika.fr\/blog\/wp-content\/uploads\/tendances-deco-interieure-2016.jpg\"><img loading=\"lazy\" decoding=\"async\" class=\"size-full wp-image-1571 aligncenter\" src=\"http:\/\/www.basika.fr\/blog\/wp-content\/uploads\/tendances-deco-interieure-2016.jpg\" alt=\"Les grandes tendances 2016 pour votre d\u00e9coration int\u00e9rieure\" width=\"600\" height=\"379\" srcset=\"https:\/\/www.basika.fr\/blog\/wp-content\/uploads\/tendances-deco-interieure-2016.jpg 600w, https:\/\/www.basika.fr\/blog\/wp-content\/uploads\/tendances-deco-interieure-2016-300x190.jpg 300w\" sizes=\"auto, (max-width: 600px) 100vw, 600px\" \/><\/a><\/p>\n<p style=\"text-align: justify;\">Premier grand \u00e9v\u00e9nement d\u00e9di\u00e9 \u00e0 la <strong>d\u00e9coration<\/strong> de l\u2019ann\u00e9e, le salon Maison &amp; Objet de 2016 se tiendra du 22 au 26 janvier au parc des expositions de Paris Villepinte sur le th\u00e8me \u00ab\u00a0Wild\u00a0\u00bb et donc, de la nature, des mat\u00e9riaux bruts et sauvages. Et le choix de ce sujet r\u00e9v\u00e8le parfaitement ce que seront les tendances en mati\u00e8re de d\u00e9co cette ann\u00e9e. En effet, les v\u00e9g\u00e9taux feront partie des accessoires indispensables pour mettre votre int\u00e9rieur au go\u00fbt du jour. <a href=\"http:\/\/www.basika.fr\/blog\/plantes-suspendues-une-tendance-originale-pour-mettre-du-vert-dans-votre-interieur\/\">Plantes vertes<\/a> \u00e0 suspendre et bouquets de fleurs risquent donc d\u2019envahir nos salons et s\u00e9jours. Pour les mat\u00e9riaux, les m\u00e9taux brillants ont encore un bel avenir devant eux notamment le cuivre et l\u2019or rose que vous retrouverez sur des lampes, des ustensiles de cuisine mais aussi sur des petits objets d\u00e9coratifs. Le design responsable est \u00e9galement de nouveau \u00e0 la mode, surtout les meubles fabriqu\u00e9s avec des mat\u00e9riaux durables et le mobilier artisanal. De m\u00eame, on constate un retour de la c\u00e9ramique tant au sol sur les murs. Mais pour 2016, la nouveaut\u00e9 c\u2019est ce c\u00f4t\u00e9 \u00ab\u00a0us\u00e9\u00a0\u00bb, d\u00e9j\u00e0 vieilli qui est pl\u00e9biscit\u00e9. Pour les motifs, vous aurez le choix entre des dessins de style marocain ou portugais par exemple. Enfin, sachez que les formes g\u00e9om\u00e9triques seront \u00e9galement partout cette ann\u00e9e et c\u00f4toieront la d\u00e9co scandinave et les meubles r\u00e9tro et vintage.<\/p>\n<h2 style=\"text-align: justify;\">Les couleurs \u00e0 adopter pour embellir votre int\u00e9rieur<\/h2>\n<p style=\"text-align: justify;\">Dans la d\u00e9co comme dans la mode, on s\u2019inspire souvent du pass\u00e9 pour cr\u00e9er de nouveaux cycles. Vous pouvez le constater avec les <strong>tendances<\/strong> cit\u00e9es pr\u00e9c\u00e9demment. Si certaines reviennent apr\u00e8s quelques d\u00e9cennies d\u2019absence (la c\u00e9ramique), d\u2019autres sont pr\u00e9sentes depuis plusieurs ann\u00e9es (le style design et naturel). Mais l\u00e0 o\u00f9 il y a le plus de changements, c\u2019est du c\u00f4t\u00e9 des couleurs puisque la palette s\u2019\u00e9toffe. Le gris et le blanc restent des valeurs s\u00fbres mais vous pouvez aussi ajouter du vert, du <a href=\"http:\/\/www.basika.fr\/blog\/et-si-vous-mettiez-un-peu-de-rose-dans-votre-interieur\/\">rose<\/a> et du bleu pastel. Des coloris relativement doux, qui s\u2019associent \u00e0 merveille avec des mat\u00e9riaux naturels et du cuivre. Vous pouvez les utiliser en peinture sur les murs, en tapis ou carrelage sur les sols mais aussi, sur vos meubles. Cependant, faites attention avec le pastel. Il est recommand\u00e9 de ne pas m\u00e9langer trop de couleurs ensemble sinon, cela donnera une note tr\u00e8s enfantine \u00e0 votre d\u00e9coration. Enfin, pour habiller vos canap\u00e9s et fauteuils, n\u2019h\u00e9sitez pas \u00e0 multiplier les coussins color\u00e9s avec des motifs.<\/p>\n","protected":false},"excerpt":{"rendered":"<p>Le premier mois de cette ann\u00e9e 2016 touche bient\u00f4t \u00e0 sa fin mais il est encore temps de se pencher sur les tendances qui seront tr\u00e8s \u00e0 la mode les prochains mois. En effet, comme dans le secteur du pr\u00eat-\u00e0-porter et de la couture, on retrouve de nouvelles collections chaque saison avec des nouveaut\u00e9s. Et<\/p>\n","protected":false},"author":1,"featured_media":0,"comment_status":"closed","ping_status":"closed","sticky":false,"template":"","format":"standard","meta":{"footnotes":""},"categories":[490],"tags":[480,481],"class_list":["post-1568","post","type-post","status-publish","format-standard","hentry","category-tendances-deco","tag-deco-interieure-2016","tag-grandes-tendances-deco-2016"],"aioseo_notices":[],"amp_enabled":true,"_links":{"self":[{"href":"https:\/\/www.basika.fr\/blog\/wp-json\/wp\/v2\/posts\/1568","targetHints":{"allow":["GET"]}}],"collection":[{"href":"https:\/\/www.basika.fr\/blog\/wp-json\/wp\/v2\/posts"}],"about":[{"href":"https:\/\/www.basika.fr\/blog\/wp-json\/wp\/v2\/types\/post"}],"author":[{"embeddable":true,"href":"https:\/\/www.basika.fr\/blog\/wp-json\/wp\/v2\/users\/1"}],"replies":[{"embeddable":true,"href":"https:\/\/www.basika.fr\/blog\/wp-json\/wp\/v2\/comments?post=1568"}],"version-history":[{"count":4,"href":"https:\/\/www.basika.fr\/blog\/wp-json\/wp\/v2\/posts\/1568\/revisions"}],"predecessor-version":[{"id":1574,"href":"https:\/\/www.basika.fr\/blog\/wp-json\/wp\/v2\/posts\/1568\/revisions\/1574"}],"wp:attachment":[{"href":"https:\/\/www.basika.fr\/blog\/wp-json\/wp\/v2\/media?parent=1568"}],"wp:term":[{"taxonomy":"category","embeddable":true,"href":"https:\/\/www.basika.fr\/blog\/wp-json\/wp\/v2\/categories?post=1568"},{"taxonomy":"post_tag","embeddable":true,"href":"https:\/\/www.basika.fr\/blog\/wp-json\/wp\/v2\/tags?post=1568"}],"curies":[{"name":"wp","href":"https:\/\/api.w.org\/{rel}","templated":true}]}}