{"id":1653,"date":"2016-05-11T09:51:23","date_gmt":"2016-05-11T07:51:23","guid":{"rendered":"https:\/\/www.basika.fr\/blog\/?p=1653"},"modified":"2016-05-11T09:58:22","modified_gmt":"2016-05-11T07:58:22","slug":"quelques-idees-pour-amenager-un-patio-et-profiter-de-cet-espace","status":"publish","type":"post","link":"https:\/\/www.basika.fr\/blog\/quelques-idees-pour-amenager-un-patio-et-profiter-de-cet-espace\/","title":{"rendered":"Quelques id\u00e9es pour am\u00e9nager un patio et profiter de cet espace"},"content":{"rendered":"<p style=\"text-align: justify;\">Plus vaste qu\u2019un balcon ou une terrasse, le <strong>patio<\/strong> est souvent consid\u00e9r\u00e9 comme une pi\u00e8ce suppl\u00e9mentaire par ses propri\u00e9taires. En effet, cet espace sans vis-\u00e0-vis est un lieu intime, \u00e0 ciel ouvert o\u00f9 il fait bon vivre quand le soleil est au rendez-vous. En ville, cela permet d\u2019\u00eatre au calme, de se d\u00e9tendre et d\u2019avoir un mini <a href=\"http:\/\/www.basika.fr\/meuble-jardin.htm\">jardin<\/a>. Et pour profiter pleinement de cette petite cour, nous vous proposons plusieurs id\u00e9es d\u2019am\u00e9nagement.<\/p>\n<h2 style=\"text-align: justify;\">Offrez-vous un petit coin de verdure<\/h2>\n<p style=\"text-align: justify;\"><a href=\"http:\/\/www.basika.fr\/blog\/wp-content\/uploads\/idees-deco-pour-patio.jpg\"><img loading=\"lazy\" decoding=\"async\" class=\"aligncenter wp-image-1654 size-full\" src=\"http:\/\/www.basika.fr\/blog\/wp-content\/uploads\/idees-deco-pour-patio.jpg\" alt=\"Nos id\u00e9es d\u00e9co pour am\u00e9nager votre patio !\" width=\"1006\" height=\"653\" srcset=\"https:\/\/www.basika.fr\/blog\/wp-content\/uploads\/idees-deco-pour-patio.jpg 1006w, https:\/\/www.basika.fr\/blog\/wp-content\/uploads\/idees-deco-pour-patio-300x195.jpg 300w\" sizes=\"auto, (max-width: 1006px) 100vw, 1006px\" \/><\/a><\/p>\n<p style=\"text-align: justify;\">Votre logement ne poss\u00e8de pas de jardin mais une petite cour priv\u00e9e \u00e0 l\u2019abri des regards indiscrets et du bruit\u00a0? Et si vous la transformiez en un bel espace propice au repos\u00a0? Pour cela, vous n\u2019avez pas besoin de faire de gros travaux. Que votre patio soit \u00e0 ciel ouvert ou prot\u00e9g\u00e9 par une verri\u00e8re, vous pouvez le d\u00e9corer avec des plantes. Cela apporte une touche de verdure. Si vous aimez jardinez, n\u2019h\u00e9sitez pas \u00e0 installer quelques carr\u00e9s en bois dans lesquels vous pouvez cr\u00e9er un petit potager. Pour les v\u00e9g\u00e9taux, le choix est vaste. Il faut juste tenir compte de l\u2019exposition et des temp\u00e9ratures afin de choisir les bonnes plantes. Par exemple, en pr\u00e9sence d\u2019une verri\u00e8re, il est possible d\u2019am\u00e9nager un jardin d\u2019hiver avec des cactus, des bonsa\u00efs et des plantes aromatiques. Si votre cour n\u2019est pas couverte, mieux vaut opter pour des rosiers, des palmiers, des lauriers, de la glycine et de rentrer les pots d\u00e8s l\u2019arriv\u00e9e des premi\u00e8res gel\u00e9es en automne. Ainsi, cela vous permettra de profiter d\u2019un peu de verdure tout en \u00e9tant en ville.<\/p>\n<h2 style=\"text-align: justify;\">Cr\u00e9ez un lieu de d\u00e9tente avec du mobilier en teck<\/h2>\n<p style=\"text-align: justify;\">Apr\u00e8s avoir plant\u00e9 quelques v\u00e9g\u00e9taux, il est temps de passer \u00e0 la <strong>d\u00e9coration<\/strong>. Au sol, des lames en bois donnent une note <a href=\"http:\/\/www.basika.fr\/blog\/limprime-jungle-le-motif-phare-de-ce-printemps-2016\/\">exotique<\/a> quand des pierres apportent plut\u00f4t une touche d\u2019authenticit\u00e9. Bien s\u00fbr, il est tout \u00e0 fait envisageable de laisser un sol en b\u00e9ton. Pour les meubles, pensez avant tout \u00e0 votre bien-\u00eatre. Si vous aimez manger dehors, nous vous conseillons d\u2019acheter une table avec des chaises ou un petit <strong>salon de jardin<\/strong> avec table basse, canap\u00e9 et fauteuils. Pour un ap\u00e9ritif, c\u2019est l\u2019id\u00e9al car c\u2019est confortable et convivial. Si vous pr\u00e9f\u00e9rez vous reposer et prendre le soleil, privil\u00e9giez des transats. Bien \u00e9videmment, si vous avez assez de place, vous pouvez mettre plusieurs pi\u00e8ces. Dans un coin, un salon de jardin en <a href=\"http:\/\/www.basika.fr\/blog\/pourquoi-le-teck-est-un-materiau-particulierement-adapte-aux-salles-de-bain\/\">teck<\/a>, dans un autre, des transats. Pensez aussi \u00e0 la lumi\u00e8re en ajoutant des luminaires ext\u00e9rieurs tels que des lanternes ou des photophores. Un parasol est \u00e9galement indispensable pour manger sans \u00eatre g\u00ean\u00e9 par le soleil. Si vous avez envie de quelque chose de plus moderne, sachez qu\u2019il existe des voiles d\u2019ombrage et des pergolas notamment. Enfin, n\u2019oubliez pas de mettre quelques coussins sur vos meubles en teck pour parfaire la d\u00e9coration de votre patio.<\/p>\n","protected":false},"excerpt":{"rendered":"<p>Plus vaste qu\u2019un balcon ou une terrasse, le patio est souvent consid\u00e9r\u00e9 comme une pi\u00e8ce suppl\u00e9mentaire par ses propri\u00e9taires. En effet, cet espace sans vis-\u00e0-vis est un lieu intime, \u00e0 ciel ouvert o\u00f9 il fait bon vivre quand le soleil est au rendez-vous. En ville, cela permet d\u2019\u00eatre au calme, de se d\u00e9tendre et d\u2019avoir<\/p>\n","protected":false},"author":1,"featured_media":0,"comment_status":"closed","ping_status":"closed","sticky":false,"template":"","format":"standard","meta":{"footnotes":""},"categories":[1],"tags":[],"class_list":["post-1653","post","type-post","status-publish","format-standard","hentry","category-non-classe"],"aioseo_notices":[],"amp_enabled":true,"_links":{"self":[{"href":"https:\/\/www.basika.fr\/blog\/wp-json\/wp\/v2\/posts\/1653","targetHints":{"allow":["GET"]}}],"collection":[{"href":"https:\/\/www.basika.fr\/blog\/wp-json\/wp\/v2\/posts"}],"about":[{"href":"https:\/\/www.basika.fr\/blog\/wp-json\/wp\/v2\/types\/post"}],"author":[{"embeddable":true,"href":"https:\/\/www.basika.fr\/blog\/wp-json\/wp\/v2\/users\/1"}],"replies":[{"embeddable":true,"href":"https:\/\/www.basika.fr\/blog\/wp-json\/wp\/v2\/comments?post=1653"}],"version-history":[{"count":1,"href":"https:\/\/www.basika.fr\/blog\/wp-json\/wp\/v2\/posts\/1653\/revisions"}],"predecessor-version":[{"id":1655,"href":"https:\/\/www.basika.fr\/blog\/wp-json\/wp\/v2\/posts\/1653\/revisions\/1655"}],"wp:attachment":[{"href":"https:\/\/www.basika.fr\/blog\/wp-json\/wp\/v2\/media?parent=1653"}],"wp:term":[{"taxonomy":"category","embeddable":true,"href":"https:\/\/www.basika.fr\/blog\/wp-json\/wp\/v2\/categories?post=1653"},{"taxonomy":"post_tag","embeddable":true,"href":"https:\/\/www.basika.fr\/blog\/wp-json\/wp\/v2\/tags?post=1653"}],"curies":[{"name":"wp","href":"https:\/\/api.w.org\/{rel}","templated":true}]}}