{"id":1657,"date":"2016-05-24T10:03:55","date_gmt":"2016-05-24T08:03:55","guid":{"rendered":"https:\/\/www.basika.fr\/blog\/?p=1657"},"modified":"2020-11-20T14:01:12","modified_gmt":"2020-11-20T13:01:12","slug":"colorer-un-balcon-pour-lui-apporter-une-touche-de-fantaisie","status":"publish","type":"post","link":"https:\/\/www.basika.fr\/blog\/colorer-un-balcon-pour-lui-apporter-une-touche-de-fantaisie\/","title":{"rendered":"Colorer un balcon pour lui apporter une touche de fantaisie"},"content":{"rendered":"<p style=\"text-align: justify;\">Quand on vit en appartement, il n\u2019y a rien de plus agr\u00e9able qu\u2019avoir un <strong>balcon<\/strong> ou une terrasse. Cela permet de profiter d\u2019un petit espace ext\u00e9rieur, de manger dehors quand il fait beau, de se d\u00e9tendre et d\u2019avoir aussi une \u00ab\u00a0pi\u00e8ce\u00a0\u00bb suppl\u00e9mentaire. Et qu\u2019on habite en ville ou dans une plus petite commune \u00e0 la campagne, il est possible de le rendre encore plus agr\u00e9able sans d\u00e9penser des fortunes. Pour cela, il suffit de quelques meubles, d\u2019accessoires, voire de plantes et de fleurs si vous avez la main verte et surtout, si vous aimez jardiner.<\/p>\n<h2 style=\"text-align: justify;\">Opter pour des meubles de jardin color\u00e9s<\/h2>\n<p style=\"text-align: justify;\"><a href=\"http:\/\/www.basika.fr\/blog\/wp-content\/uploads\/balcon-mobilier-colore.jpg\"><img loading=\"lazy\" decoding=\"async\" class=\"aligncenter wp-image-1660 size-full\" src=\"http:\/\/www.basika.fr\/blog\/wp-content\/uploads\/balcon-mobilier-colore.jpg\" alt=\"Un balcon chaleureux avec du mobilier color\u00e9 !\" width=\"600\" height=\"378\" srcset=\"https:\/\/www.basika.fr\/blog\/wp-content\/uploads\/balcon-mobilier-colore.jpg 600w, https:\/\/www.basika.fr\/blog\/wp-content\/uploads\/balcon-mobilier-colore-300x189.jpg 300w\" sizes=\"auto, (max-width: 600px) 100vw, 600px\" \/><\/a><\/p>\n<p style=\"text-align: justify;\">Qu\u2019il soit grand ou petit, avec vue sur mer, sur les toits ou sur la ville, un balcon est un atout dans un appartement. Seulement, il peut \u00eatre un peu triste avec son sol en b\u00e9ton et sa balustrade toute simple. Alors pour lui donner du pep\u2019s et vous donner envie d\u2019en profiter davantage, nous vous conseillons d\u2019ajouter du mobilier de jardin color\u00e9. En teck, en plastique, en r\u00e9sine tress\u00e9e, en acier &#8230; vous avez le choix entre de nombreux coloris. Vous pouvez m\u00eame d\u00e9pareiller vos <strong>meuble<\/strong>s en mettant par exemple une <a href=\"http:\/\/www.basika.fr\/meuble-jardin.htm\">table<\/a> bleue et des chaises jaunes ou vertes. Ou bien, m\u00e9langer du rose et du gris, du blanc et du rouge. Le tout est de privil\u00e9gier des couleurs que vous aimez et qui vous mettent de bonne humeur. Si vous poss\u00e9dez d\u00e9j\u00e0 un salon d\u2019ext\u00e9rieur, \u00e9gayez-le avec des coussins color\u00e9s ou orn\u00e9s de motifs.<\/p>\n<h2 style=\"text-align: justify;\">Choisir des accessoires pleins de gaiet\u00e9<\/h2>\n<p style=\"text-align: justify;\">Si vous \u00eates propri\u00e9taire de votre logement, vous pouvez \u00e9galement peindre le mur par exemple (en vous renseignant en amont pour savoir si vous avez le droit et si oui, quelles sont les couleurs \u00e0 \u00e9viter), ou l\u2019embellir avec un rev\u00eatement ext\u00e9rieur. Il est aussi possible de disposer des pots avec des plantes ou des fleurs. Ces derni\u00e8res saisons, on trouve de tr\u00e8s jolis coloris, notamment dans des tons vifs, fluo et <a href=\"http:\/\/www.basika.fr\/blog\/apportez-de-la-douceur-dans-votre-interieur-avec-du-mobilier-pastel\/\">pastel<\/a>. Si vous avez envie d\u2019un petit potager, une jardini\u00e8re rose, orange ou bleue sera parfaite pour planter quelques fruits ou l\u00e9gumes. Vous pouvez aussi peindre des mod\u00e8les unis. Pensez \u00e9galement \u00e0 choisir de la vaisselle ludique pour vos repas avec des motifs amusants, des tons acidul\u00e9s. Il existe de tr\u00e8s belles pi\u00e8ces en m\u00e9lamine qui sont id\u00e9ales pour un usage ext\u00e9rieur. Enfin, un tapis habillera le sol en le rendant plus chaleureux. Alors n\u2019attendez plus et d\u00e9corez vite votre balcon avec des accessoires et des <strong>mobilier<\/strong>s pleins de couleurs\u00a0!<\/p>\n","protected":false},"excerpt":{"rendered":"<p>Quand on vit en appartement, il n\u2019y a rien de plus agr\u00e9able qu\u2019avoir un balcon ou une terrasse. Cela permet de profiter d\u2019un petit espace ext\u00e9rieur, de manger dehors quand il fait beau, de se d\u00e9tendre et d\u2019avoir aussi une \u00ab\u00a0pi\u00e8ce\u00a0\u00bb suppl\u00e9mentaire. Et qu\u2019on habite en ville ou dans une plus petite commune \u00e0 la<\/p>\n","protected":false},"author":1,"featured_media":0,"comment_status":"closed","ping_status":"closed","sticky":false,"template":"","format":"standard","meta":{"footnotes":""},"categories":[491],"tags":[],"class_list":["post-1657","post","type-post","status-publish","format-standard","hentry","category-nos-astuces"],"aioseo_notices":[],"amp_enabled":true,"_links":{"self":[{"href":"https:\/\/www.basika.fr\/blog\/wp-json\/wp\/v2\/posts\/1657","targetHints":{"allow":["GET"]}}],"collection":[{"href":"https:\/\/www.basika.fr\/blog\/wp-json\/wp\/v2\/posts"}],"about":[{"href":"https:\/\/www.basika.fr\/blog\/wp-json\/wp\/v2\/types\/post"}],"author":[{"embeddable":true,"href":"https:\/\/www.basika.fr\/blog\/wp-json\/wp\/v2\/users\/1"}],"replies":[{"embeddable":true,"href":"https:\/\/www.basika.fr\/blog\/wp-json\/wp\/v2\/comments?post=1657"}],"version-history":[{"count":3,"href":"https:\/\/www.basika.fr\/blog\/wp-json\/wp\/v2\/posts\/1657\/revisions"}],"predecessor-version":[{"id":1661,"href":"https:\/\/www.basika.fr\/blog\/wp-json\/wp\/v2\/posts\/1657\/revisions\/1661"}],"wp:attachment":[{"href":"https:\/\/www.basika.fr\/blog\/wp-json\/wp\/v2\/media?parent=1657"}],"wp:term":[{"taxonomy":"category","embeddable":true,"href":"https:\/\/www.basika.fr\/blog\/wp-json\/wp\/v2\/categories?post=1657"},{"taxonomy":"post_tag","embeddable":true,"href":"https:\/\/www.basika.fr\/blog\/wp-json\/wp\/v2\/tags?post=1657"}],"curies":[{"name":"wp","href":"https:\/\/api.w.org\/{rel}","templated":true}]}}