{"id":1703,"date":"2016-08-31T09:35:31","date_gmt":"2016-08-31T07:35:31","guid":{"rendered":"https:\/\/www.basika.fr\/blog\/?p=1703"},"modified":"2020-11-13T16:46:41","modified_gmt":"2020-11-13T15:46:41","slug":"amenager-facilement-une-cuisine-dexterieur-dans-un-jardin-ou-sur-une-terrasse","status":"publish","type":"post","link":"https:\/\/www.basika.fr\/blog\/amenager-facilement-une-cuisine-dexterieur-dans-un-jardin-ou-sur-une-terrasse\/","title":{"rendered":"Am\u00e9nager facilement une cuisine d\u2019ext\u00e9rieur dans un jardin ou sur une terrasse"},"content":{"rendered":"<p style=\"text-align: justify;\">Quand il fait beau, en \u00e9t\u00e9 ou au printemps, on a envie de passer du temps dehors, que ce soit pour manger, se d\u00e9tendre ou recevoir des amis. Et pour profiter pleinement du soleil et des temp\u00e9ratures agr\u00e9ables, il est \u00e9galement possible d\u2019installer une <strong>cuisine d\u2019ext\u00e9rieur<\/strong>. En effet, cela permet de pr\u00e9parer les repas dehors, en compagnie de sa famille ou de ses amis. C\u2019est pratique, cela \u00e9vite d\u2019\u00eatre enferm\u00e9 et c\u2019est plus chaleureux. De plus, tout le monde peut participer et donner un coup de main. Alors, si vous avez envie d\u2019am\u00e9nager un coin cuisine dans votre <a href=\"http:\/\/www.basika.fr\/meuble-jardin.htm\">jardin<\/a> ou sur votre terrasse, suivez nos conseils\u00a0!<\/p>\n<h2 style=\"text-align: justify;\">Cr\u00e9er un espace fonctionnel<\/h2>\n<p style=\"text-align: justify;\">Un simple barbecue ne vous suffit plus pour pr\u00e9parer de bons petits plats\u00a0? Laissez-vous tenter par une <a href=\"http:\/\/www.basika.fr\/blog\/cuisine-laissez-vous-seduire-par-la-tendance-retro-pour-votre-decoration\/\">cuisine<\/a> d\u2019ext\u00e9rieur\u00a0! Ainsi, vous pourrez concocter des recettes sucr\u00e9es et sal\u00e9es dehors sans salir la maison et en ayant tout le n\u00e9cessaire \u00e0 port\u00e9e de main. Pour la cr\u00e9ation de cet espace, vous avez le choix entre plusieurs solutions\u00a0:<\/p>\n<ul style=\"text-align: justify;\">\n<li>acheter un mod\u00e8le complet avec plaques de cuisson, \u00e9vier et meubles de rangement\u00a0;<\/li>\n<li>vous offrir du mobilier sur-mesure en confiant votre projet \u00e0 un architecte par exemple\u00a0;<\/li>\n<li>composer vous-m\u00eame votre cuisine d\u2019ext\u00e9rieur en choisissant un par un vos \u00e9l\u00e9ments.<\/li>\n<\/ul>\n<p style=\"text-align: justify;\">Quel que soit votre choix, il faut opter pour des mat\u00e9riaux r\u00e9sistant \u00e0 la pluie, qui peuvent rester dehors et qui vieillissent bien comme la pierre et le bois. Il existe \u00e9galement des <strong>meubles<\/strong> en inox, en fonte ou en b\u00e9ton, des ensembles \u00e0 roulettes ou qui peuvent se ranger sans souci dans un garage ou un abri en hiver. Pensez aussi aux rangements pour les ustensiles et la vaisselle. Pour d\u00e9limiter cet espace dans votre jardin ou sur votre terrasse, vous pouvez ajouter une <a href=\"http:\/\/www.basika.fr\/blog\/comment-proteger-esthetiquement-une-terrasse-du-soleil\/\">pergola<\/a>, un paravent ou tout simplement, le mettre dans un angle, contre un mur. Si vous avez une v\u00e9randa ouverte ou une d\u00e9pendance, il est aussi possible de l\u2019am\u00e9nager dans cet endroit. La seule contrainte est d\u2019avoir un point d\u2019eau \u00e0 proximit\u00e9 pour l\u2019\u00e9vier.<\/p>\n<h2 style=\"text-align: justify;\">D\u00e9coration\u00a0: quels accessoires choisir\u00a0?<\/h2>\n<p style=\"text-align: justify;\">Pour apporter une touche de confort et de convivialit\u00e9 \u00e0 votre cuisine d\u2019ext\u00e9rieur, nous vous conseillons d\u2019ajouter des pots color\u00e9s pour ranger les ustensiles, de mettre vos torchons dans un panier ou une cagette en bois et de choisir de la vaisselle de couleur vive, fluo, pastel ou avec des imprim\u00e9s. Si vous le souhaitez, vous pouvez aussi peindre vos meubles si vous les avez prix gris, blanc ou noir par exemple. N\u2019h\u00e9sitez pas \u00e0 acheter des ustensiles originaux, avec des couleurs gaies. Pour votre salon de <strong>jardin<\/strong>, misez sur des coussins et des nappes color\u00e9s ou orn\u00e9s de motifs. Disposez aussi \u00e0 proximit\u00e9 quelques plantes vertes et aromatiques. Enfin, si vous installez une pergola ou une tonnelle, pensez \u00e0 prendre une toile imprim\u00e9e ou avec une teinte claire et lumineuse.<\/p>\n","protected":false},"excerpt":{"rendered":"<p>Quand il fait beau, en \u00e9t\u00e9 ou au printemps, on a envie de passer du temps dehors, que ce soit pour manger, se d\u00e9tendre ou recevoir des amis. Et pour profiter pleinement du soleil et des temp\u00e9ratures agr\u00e9ables, il est \u00e9galement possible d\u2019installer une cuisine d\u2019ext\u00e9rieur. En effet, cela permet de pr\u00e9parer les repas dehors,<\/p>\n","protected":false},"author":1,"featured_media":0,"comment_status":"closed","ping_status":"closed","sticky":false,"template":"","format":"standard","meta":{"footnotes":""},"categories":[491],"tags":[],"class_list":["post-1703","post","type-post","status-publish","format-standard","hentry","category-nos-astuces"],"aioseo_notices":[],"amp_enabled":true,"_links":{"self":[{"href":"https:\/\/www.basika.fr\/blog\/wp-json\/wp\/v2\/posts\/1703","targetHints":{"allow":["GET"]}}],"collection":[{"href":"https:\/\/www.basika.fr\/blog\/wp-json\/wp\/v2\/posts"}],"about":[{"href":"https:\/\/www.basika.fr\/blog\/wp-json\/wp\/v2\/types\/post"}],"author":[{"embeddable":true,"href":"https:\/\/www.basika.fr\/blog\/wp-json\/wp\/v2\/users\/1"}],"replies":[{"embeddable":true,"href":"https:\/\/www.basika.fr\/blog\/wp-json\/wp\/v2\/comments?post=1703"}],"version-history":[{"count":1,"href":"https:\/\/www.basika.fr\/blog\/wp-json\/wp\/v2\/posts\/1703\/revisions"}],"predecessor-version":[{"id":1704,"href":"https:\/\/www.basika.fr\/blog\/wp-json\/wp\/v2\/posts\/1703\/revisions\/1704"}],"wp:attachment":[{"href":"https:\/\/www.basika.fr\/blog\/wp-json\/wp\/v2\/media?parent=1703"}],"wp:term":[{"taxonomy":"category","embeddable":true,"href":"https:\/\/www.basika.fr\/blog\/wp-json\/wp\/v2\/categories?post=1703"},{"taxonomy":"post_tag","embeddable":true,"href":"https:\/\/www.basika.fr\/blog\/wp-json\/wp\/v2\/tags?post=1703"}],"curies":[{"name":"wp","href":"https:\/\/api.w.org\/{rel}","templated":true}]}}