{"id":1775,"date":"2017-01-10T09:59:33","date_gmt":"2017-01-10T08:59:33","guid":{"rendered":"https:\/\/www.basika.fr\/blog\/?p=1775"},"modified":"2017-01-10T09:59:33","modified_gmt":"2017-01-10T08:59:33","slug":"le-plaid-en-laine-un-accessoire-pour-se-rechauffer-et-pour-decorer","status":"publish","type":"post","link":"https:\/\/www.basika.fr\/blog\/le-plaid-en-laine-un-accessoire-pour-se-rechauffer-et-pour-decorer\/","title":{"rendered":"Le plaid en laine, un accessoire pour se r\u00e9chauffer et pour d\u00e9corer !"},"content":{"rendered":"<p style=\"text-align: justify;\">Lorsque les premiers froids arrivent, on a souvent envie d\u2019une d\u00e9coration d\u2019int\u00e9rieur plus <a href=\"http:\/\/www.basika.fr\/blog\/les-objets-en-tricot-une-des-grandes-tendances-de-lhiver-2016-2017\/\">cocooning<\/a>. Et pour cela, il existe un objet incontournable\u00a0: le <strong>plaid<\/strong> en laine. Si on le sort avec joie d\u00e8s l\u2019automne, il convient aussi pour les autres saisons. En effet, il ne permet pas seulement d\u2019avoir chaud, m\u00eame si cela reste sa fonction principale, il est aussi d\u00e9coratif. On peut le poser sur un meuble, comme un lit ou un canap\u00e9, s\u2019en servir pour habiller une pi\u00e8ce et la rendre plus chaleureuse. D\u2019autant qu\u2019il existe en de nombreux coloris. Du c\u00f4t\u00e9 des motifs, vous avez aussi l\u2019embarras du choix. N\u00e9anmoins, mieux vaut opter pour un mod\u00e8le 100% laine ou en contenant au moins un minimum. Ainsi, vous pourrez le conserver pendant de nombreuses ann\u00e9es\u00a0! Et rassurez-vous, aujourd\u2019hui on en trouve partout, sur des boutiques en ligne et dans les magasins, et \u00e0 tous les prix. Vous pouvez m\u00eame le tricoter si vous voulez\u00a0!<\/p>\n<h2 style=\"text-align: justify;\">Un objet de d\u00e9coration convenant pour de nombreuses pi\u00e8ces<\/h2>\n<p style=\"text-align: justify;\">Cet accessoire <a href=\"http:\/\/www.basika.fr\/blog\/le-textile-un-indispensable-pour-la-decoration-interieure\/\">textile<\/a> peut donner facilement une touche chaleureuse \u00e0 n\u2019importe quelle pi\u00e8ce de la maison\u00a0! Par exemple, si vous trouvez que votre <strong>salon<\/strong> est un peu froid, n\u2019h\u00e9sitez pas \u00e0 en disposer un sur votre canap\u00e9 ou sur chacun de vos fauteuils. De m\u00eame, si le rev\u00eatement de vos assises ne vous pla\u00eet plus, le plaid est la solution id\u00e9ale, qui vous \u00e9vite de devoir acheter de nouveaux meubles\u00a0! Ajoutez \u00e9galement quelques coussins et vous oublierez ce tissu que vous n\u2019aimez plus.<\/p>\n<p style=\"text-align: justify;\">Dans une chambre, il se transforme ais\u00e9ment en couvre-lit. Mettez-le simplement par-dessus votre couette ou vos draps et la nuit, soit vous le retirez, soit vous le laissez. Tout d\u00e9pend de la saison et de la chaleur.<\/p>\n<p style=\"text-align: justify;\">Et si vous avez envie d\u2019une chaise plus moelleuse pour lire, manger ou travailler, vous pouvez la recouvrir avec une couverture en laine ou en fausse-fourrure.<\/p>\n<h2 style=\"text-align: justify;\">Un bel accessoire qui r\u00e9chauffe imm\u00e9diatement\u00a0!<\/h2>\n<p style=\"text-align: justify;\">Son aspect d\u00e9coratif n\u2019est pas le seul avantage du plaid en <strong>laine<\/strong>. Il est aussi parfait en hiver pour regarder la t\u00e9l\u00e9 au chaud et cr\u00e9er une atmosph\u00e8re agr\u00e9able chez soi. Que vous vous enveloppiez dedans ou que vous recouvriez seulement une partie de votre corps, il deviendra rapidement votre accessoire pr\u00e9f\u00e9r\u00e9\u00a0!<\/p>\n<p style=\"text-align: justify;\">Si vous n\u2019en avez qu\u2019un, il vous suffit de le prendre avec vous lorsque vous changez de pi\u00e8ce. En revanche, si vous en poss\u00e9dez plusieurs, vous pouvez les disposer dans des lieux propices \u00e0 la d\u00e9tente tels que la <a href=\"http:\/\/www.basika.fr\/meuble-chambre-adulte-complete.htm\">chambre<\/a> et le salon.<\/p>\n<p style=\"text-align: justify;\">Les enfants sont aussi tr\u00e8s friands de cette couverture pour regarder des dessins anim\u00e9s, lire sans avoir froid et m\u00eame pour jouer\u00a0! Et si pendant longtemps, elle \u00e9tait associ\u00e9e aux personnes \u00e2g\u00e9es, d\u00e9sormais on salue son c\u00f4t\u00e9 cosy. Et pour l\u2019hiver, n\u2019h\u00e9sitez pas \u00e0 jouer la carte de No\u00ebl en choisissant un mod\u00e8le \u00e9cossais, avec des rennes ou des flocons de neige\u00a0!<\/p>\n","protected":false},"excerpt":{"rendered":"<p>Lorsque les premiers froids arrivent, on a souvent envie d\u2019une d\u00e9coration d\u2019int\u00e9rieur plus cocooning. Et pour cela, il existe un objet incontournable\u00a0: le plaid en laine. Si on le sort avec joie d\u00e8s l\u2019automne, il convient aussi pour les autres saisons. En effet, il ne permet pas seulement d\u2019avoir chaud, m\u00eame si cela reste sa<\/p>\n","protected":false},"author":1,"featured_media":0,"comment_status":"closed","ping_status":"closed","sticky":false,"template":"","format":"standard","meta":{"footnotes":""},"categories":[1],"tags":[],"class_list":["post-1775","post","type-post","status-publish","format-standard","hentry","category-non-classe"],"aioseo_notices":[],"amp_enabled":true,"_links":{"self":[{"href":"https:\/\/www.basika.fr\/blog\/wp-json\/wp\/v2\/posts\/1775","targetHints":{"allow":["GET"]}}],"collection":[{"href":"https:\/\/www.basika.fr\/blog\/wp-json\/wp\/v2\/posts"}],"about":[{"href":"https:\/\/www.basika.fr\/blog\/wp-json\/wp\/v2\/types\/post"}],"author":[{"embeddable":true,"href":"https:\/\/www.basika.fr\/blog\/wp-json\/wp\/v2\/users\/1"}],"replies":[{"embeddable":true,"href":"https:\/\/www.basika.fr\/blog\/wp-json\/wp\/v2\/comments?post=1775"}],"version-history":[{"count":1,"href":"https:\/\/www.basika.fr\/blog\/wp-json\/wp\/v2\/posts\/1775\/revisions"}],"predecessor-version":[{"id":1776,"href":"https:\/\/www.basika.fr\/blog\/wp-json\/wp\/v2\/posts\/1775\/revisions\/1776"}],"wp:attachment":[{"href":"https:\/\/www.basika.fr\/blog\/wp-json\/wp\/v2\/media?parent=1775"}],"wp:term":[{"taxonomy":"category","embeddable":true,"href":"https:\/\/www.basika.fr\/blog\/wp-json\/wp\/v2\/categories?post=1775"},{"taxonomy":"post_tag","embeddable":true,"href":"https:\/\/www.basika.fr\/blog\/wp-json\/wp\/v2\/tags?post=1775"}],"curies":[{"name":"wp","href":"https:\/\/api.w.org\/{rel}","templated":true}]}}