{"id":1884,"date":"2017-08-30T09:41:06","date_gmt":"2017-08-30T07:41:06","guid":{"rendered":"https:\/\/www.basika.fr\/blog\/?p=1884"},"modified":"2021-02-05T10:04:46","modified_gmt":"2021-02-05T09:04:46","slug":"cuisine-passer-a-la-decoration-mediterraneenne-pour-plus-de-convivialite","status":"publish","type":"post","link":"https:\/\/www.basika.fr\/blog\/cuisine-passer-a-la-decoration-mediterraneenne-pour-plus-de-convivialite\/","title":{"rendered":"Cuisine : passer \u00e0 la d\u00e9coration m\u00e9diterran\u00e9enne pour plus de convivialit\u00e9 !"},"content":{"rendered":"<p style=\"text-align: justify;\">Souvent, la fin des vacances d\u2019\u00e9t\u00e9 est synonyme de nostalgie. On n\u2019a gu\u00e8re envie de reprendre le chemin du travail ou de l\u2019\u00e9cole et on aimerait prolonger les cong\u00e9s pour profiter toujours plus du soleil et se reposer. Malheureusement, ce n\u2019est pas forc\u00e9ment possible. Mais pour \u00e9viter le blues de la rentr\u00e9e, nous avons une id\u00e9e ensoleill\u00e9e et color\u00e9e \u00e0 vous proposer\u00a0! Et si vous d\u00e9coriez votre <strong>cuisine<\/strong> dans un style m\u00e9diterran\u00e9en\u00a0? Gr\u00e2ce \u00e0 cette <a href=\"https:\/\/www.basika.fr\/blog\/le-style-seventies-une-deco-coloree-et-aux-motifs-psychedeliques\/\">d\u00e9coration<\/a> pleine de convivialit\u00e9 et de chaleur, la fin des vacances vous semblera moins difficile et vous transformerez cette pi\u00e8ce en un lieu qui respire bon le Sud !<\/p>\n<h2 style=\"text-align: justify;\">Quelles sont les couleurs \u00e0 privil\u00e9gier\u00a0?<\/h2>\n<p style=\"text-align: justify;\">Tr\u00e8s \u00e0 la mode ces derniers mois, la <strong>d\u00e9coration<\/strong> \u00ab\u00a0<a href=\"https:\/\/www.basika.fr\/blog\/cet-ete-offrez-vous-un-interieur-bord-de-mer-en-quelques-clics\/\">bord de mer<\/a>\u00a0\u00bb peut \u00eatre divis\u00e9e en deux styles\u00a0: Atlantique d\u2019un c\u00f4t\u00e9, avec des touches de blanc et de bleu et M\u00e9diterran\u00e9e de l\u2019autre, avec davantage de coloris. Deux tendances qui se ressemblent sur certains points mais qui se distinguent \u00e9galement. Pour une cuisine m\u00e9diterran\u00e9enne, on mise surtout sur des teintes chaudes, lumineuses qui refl\u00e8tent l\u2019art de vivre typique du Sud\u00a0: du blanc, du bleu azur ou lavande, du vert tilleul ou olive, du jaune, de l\u2019ocre, de l\u2019orange et du rouge. Des coloris qui rappellent le ciel, le sable des plages, le soleil, la terre, la chaleur et les paysages. Les motifs sont aussi les bienvenus tels que les dessins proven\u00e7aux avec des lavandes, des olives et des cigales. Cela peut sembler kitsch mais \u00e0 petites doses et bien choisis, ils peuvent donner une touche d\u2019authenticit\u00e9 \u00e0 votre d\u00e9co.<\/p>\n<h2 style=\"text-align: justify;\">Les mati\u00e8res et accessoires incontournables\u00a0!<\/h2>\n<p style=\"text-align: justify;\">La d\u00e9coration <strong>m\u00e9diterran\u00e9enne<\/strong> permet un v\u00e9ritable retour aux sources puisqu\u2019on privil\u00e9gie des fibres naturelles. Les meubles sont donc en bois ou en rotin, les textiles en lin, les accessoires en osier ou en bambou. La pierre naturelle trouve \u00e9galement sa place dans une <a href=\"https:\/\/www.basika.fr\/meuble-element-cuisine.htm\">cuisine<\/a> ainsi que les carreaux de ciment, le fer forg\u00e9 et la tommette. Des mat\u00e9riaux qui s\u2019associent parfaitement les uns aux autres et qui sont aussi authentiques qu\u2019esth\u00e9tiques. Pour les accessoires, vous avez \u00e9galement le choix\u00a0: des ustensiles en bois, des assiettes vintage, des paniers en paille ou en osier, des poteries, des c\u00e9ramiques, des pots en terre cuite dans lesquels vous pouvez semer des plantes et v\u00e9g\u00e9taux aux senteurs m\u00e9diterran\u00e9ennes (lavande, romarin, basilic par exemple.) &#8230;etc. Un style assez simple \u00e0 adopter finalement, qui nous fait imm\u00e9diatement penser aux vacances et qui apporte du baume au c\u0153ur. Il serait donc dommage de s\u2019en priver\u00a0!<\/p>\n","protected":false},"excerpt":{"rendered":"<p>Souvent, la fin des vacances d\u2019\u00e9t\u00e9 est synonyme de nostalgie. On n\u2019a gu\u00e8re envie de reprendre le chemin du travail ou de l\u2019\u00e9cole et on aimerait prolonger les cong\u00e9s pour profiter toujours plus du soleil et se reposer. Malheureusement, ce n\u2019est pas forc\u00e9ment possible. Mais pour \u00e9viter le blues de la rentr\u00e9e, nous avons une<\/p>\n","protected":false},"author":1,"featured_media":0,"comment_status":"closed","ping_status":"closed","sticky":false,"template":"","format":"standard","meta":{"footnotes":""},"categories":[490],"tags":[],"class_list":["post-1884","post","type-post","status-publish","format-standard","hentry","category-tendances-deco"],"aioseo_notices":[],"amp_enabled":true,"_links":{"self":[{"href":"https:\/\/www.basika.fr\/blog\/wp-json\/wp\/v2\/posts\/1884","targetHints":{"allow":["GET"]}}],"collection":[{"href":"https:\/\/www.basika.fr\/blog\/wp-json\/wp\/v2\/posts"}],"about":[{"href":"https:\/\/www.basika.fr\/blog\/wp-json\/wp\/v2\/types\/post"}],"author":[{"embeddable":true,"href":"https:\/\/www.basika.fr\/blog\/wp-json\/wp\/v2\/users\/1"}],"replies":[{"embeddable":true,"href":"https:\/\/www.basika.fr\/blog\/wp-json\/wp\/v2\/comments?post=1884"}],"version-history":[{"count":1,"href":"https:\/\/www.basika.fr\/blog\/wp-json\/wp\/v2\/posts\/1884\/revisions"}],"predecessor-version":[{"id":1885,"href":"https:\/\/www.basika.fr\/blog\/wp-json\/wp\/v2\/posts\/1884\/revisions\/1885"}],"wp:attachment":[{"href":"https:\/\/www.basika.fr\/blog\/wp-json\/wp\/v2\/media?parent=1884"}],"wp:term":[{"taxonomy":"category","embeddable":true,"href":"https:\/\/www.basika.fr\/blog\/wp-json\/wp\/v2\/categories?post=1884"},{"taxonomy":"post_tag","embeddable":true,"href":"https:\/\/www.basika.fr\/blog\/wp-json\/wp\/v2\/tags?post=1884"}],"curies":[{"name":"wp","href":"https:\/\/api.w.org\/{rel}","templated":true}]}}