{"id":1918,"date":"2017-11-02T10:53:46","date_gmt":"2017-11-02T09:53:46","guid":{"rendered":"http:\/\/www.basika.fr\/blog\/?p=1918"},"modified":"2021-02-05T10:06:20","modified_gmt":"2021-02-05T09:06:20","slug":"deco-a-quoi-doit-on-sattendre-en-2018-quelles-seront-les-grandes-tendances","status":"publish","type":"post","link":"https:\/\/www.basika.fr\/blog\/deco-a-quoi-doit-on-sattendre-en-2018-quelles-seront-les-grandes-tendances\/","title":{"rendered":"D\u00e9co : \u00e0 quoi doit-on s\u2019attendre en 2018 ? Quelles seront les grandes tendances ?"},"content":{"rendered":"<p style=\"text-align: justify;\">La fin de l\u2019ann\u00e9e 2017 approche et le moment est venu de se pencher sur les <strong>tendance<\/strong>s qui seront incontournables en 2018. Comme chaque ann\u00e9e, il y en a pour tous les go\u00fbts mais on remarque d\u00e9j\u00e0 plusieurs modes qui se d\u00e9marqueront des autres. Parmi elles, la volont\u00e9 d\u2019avoir des int\u00e9rieurs encore plus cosy, avec une <a href=\"https:\/\/www.basika.fr\/blog\/une-decoration-naturelle-et-pas-chere-grace-au-bois\/\">ambiance zen<\/a> o\u00f9 la nature occupe une place importante et l\u2019envie d\u2019une d\u00e9coration avec davantage de couleurs, d\u2019ornements et de motifs. Deux tendances qui sont assez diff\u00e9rentes en somme, qui s\u2019opposent mais qui permettent \u00e0 chacun de trouver son id\u00e9al.<\/p>\n<h2 style=\"text-align: justify;\">Des int\u00e9rieurs plus sobres et plus douillets<\/h2>\n<p><a href=\"https:\/\/www.basika.fr\/blog\/wp-content\/uploads\/tendances-decoration-2018.jpg\"><img loading=\"lazy\" decoding=\"async\" class=\"aligncenter wp-image-1920 size-full\" src=\"https:\/\/www.basika.fr\/blog\/wp-content\/uploads\/tendances-decoration-2018.jpg\" alt=\"Les grandes tendances d\u00e9co de 2018 !\" width=\"1000\" height=\"622\" srcset=\"https:\/\/www.basika.fr\/blog\/wp-content\/uploads\/tendances-decoration-2018.jpg 1000w, https:\/\/www.basika.fr\/blog\/wp-content\/uploads\/tendances-decoration-2018-300x187.jpg 300w\" sizes=\"auto, (max-width: 1000px) 100vw, 1000px\" \/><\/a><\/p>\n<p style=\"text-align: justify;\">En <strong>2018<\/strong>, le confort sera au rendez-vous. Comme on peut le constater dans les magazines, revues, sur les blogs ou lors des salons d\u00e9di\u00e9s \u00e0 la d\u00e9coration, les ambiances zen, \u00e9pur\u00e9es et propices \u00e0 la d\u00e9tente sont tr\u00e8s \u00e0 la mode. Cela se traduit par des couleurs claires, douces comme du blanc, du beige, du rose p\u00e2le, des meubles fabriqu\u00e9s avec des mat\u00e9riaux naturels, durables, aux lignes contemporaines et minimalistes. Le velours fait aussi son grand retour et procure imm\u00e9diatement une sensation de chaleur \u00e0 une pi\u00e8ce. Confortable et cosy, il s\u2019associe \u00e0 merveille avec du marbre, du laiton, du verre mais aussi du bois. Vous pouvez donc choisir cette mati\u00e8re pour vos meubles ou pour vos accessoires tels que des coussins, des plaids, des rideaux ou pour du petit mobilier (un <a href=\"https:\/\/www.basika.fr\/meuble-fauteuils-poufs.htm\">pouf<\/a> par exemple).<\/p>\n<h2 style=\"text-align: justify;\">Mais aussi des envies d\u2019opulence, de d\u00e9co plus forte<\/h2>\n<p style=\"text-align: justify;\">A c\u00f4t\u00e9 de cette tendance o\u00f9 la sobri\u00e9t\u00e9 est de rigueur, on trouve aussi un style plus vivant, chaleureux et riche en couleurs et motifs. Ainsi, on mise sur du jaune curry pour pimenter son int\u00e9rieur, sur du bordeaux, du violet, du vert fonc\u00e9, du bleu nuit \u2026 des tons chauds qui sont parfaits pour affronter l\u2019hiver\u00a0et pour cr\u00e9er une atmosph\u00e8re luxuriante et \u00e9l\u00e9gante. Pour les meubles, les formes sont plus rondes et s\u2019inspirent du fameux style <a href=\"https:\/\/www.basika.fr\/blog\/et-si-vous-osiez-le-style-art-deco-pour-un-interieur-intemporel\/\">Art D\u00e9co<\/a>. Ici, les accessoires en cuivre et en or sont les bienvenus tels que de la vaisselle, des coussins et des objets de <strong>d\u00e9coration<\/strong>. De m\u00eame, le terrazzo est toujours \u00e0 la mode et d\u2019autres motifs seront \u00e9galement tr\u00e8s pr\u00e9sents en 2018 comme le mouchet\u00e9.<\/p>\n<p style=\"text-align: justify;\">Alors, que vous ayez envie de simplicit\u00e9 ou d\u2019excentricit\u00e9, vous trouverez ais\u00e9ment votre bonheur en d\u00e9co les prochains mois\u00a0!<\/p>\n","protected":false},"excerpt":{"rendered":"<p>La fin de l\u2019ann\u00e9e 2017 approche et le moment est venu de se pencher sur les tendances qui seront incontournables en 2018. Comme chaque ann\u00e9e, il y en a pour tous les go\u00fbts mais on remarque d\u00e9j\u00e0 plusieurs modes qui se d\u00e9marqueront des autres. Parmi elles, la volont\u00e9 d\u2019avoir des int\u00e9rieurs encore plus cosy, avec<\/p>\n","protected":false},"author":1,"featured_media":0,"comment_status":"closed","ping_status":"closed","sticky":false,"template":"","format":"standard","meta":{"footnotes":""},"categories":[490],"tags":[],"class_list":["post-1918","post","type-post","status-publish","format-standard","hentry","category-tendances-deco"],"aioseo_notices":[],"amp_enabled":true,"_links":{"self":[{"href":"https:\/\/www.basika.fr\/blog\/wp-json\/wp\/v2\/posts\/1918","targetHints":{"allow":["GET"]}}],"collection":[{"href":"https:\/\/www.basika.fr\/blog\/wp-json\/wp\/v2\/posts"}],"about":[{"href":"https:\/\/www.basika.fr\/blog\/wp-json\/wp\/v2\/types\/post"}],"author":[{"embeddable":true,"href":"https:\/\/www.basika.fr\/blog\/wp-json\/wp\/v2\/users\/1"}],"replies":[{"embeddable":true,"href":"https:\/\/www.basika.fr\/blog\/wp-json\/wp\/v2\/comments?post=1918"}],"version-history":[{"count":2,"href":"https:\/\/www.basika.fr\/blog\/wp-json\/wp\/v2\/posts\/1918\/revisions"}],"predecessor-version":[{"id":1921,"href":"https:\/\/www.basika.fr\/blog\/wp-json\/wp\/v2\/posts\/1918\/revisions\/1921"}],"wp:attachment":[{"href":"https:\/\/www.basika.fr\/blog\/wp-json\/wp\/v2\/media?parent=1918"}],"wp:term":[{"taxonomy":"category","embeddable":true,"href":"https:\/\/www.basika.fr\/blog\/wp-json\/wp\/v2\/categories?post=1918"},{"taxonomy":"post_tag","embeddable":true,"href":"https:\/\/www.basika.fr\/blog\/wp-json\/wp\/v2\/tags?post=1918"}],"curies":[{"name":"wp","href":"https:\/\/api.w.org\/{rel}","templated":true}]}}