{"id":1935,"date":"2017-12-06T09:56:46","date_gmt":"2017-12-06T08:56:46","guid":{"rendered":"http:\/\/www.basika.fr\/blog\/?p=1935"},"modified":"2021-06-10T16:08:59","modified_gmt":"2021-06-10T14:08:59","slug":"noel-decouvrez-les-styles-de-deco-incontournables-en-2017","status":"publish","type":"post","link":"https:\/\/www.basika.fr\/blog\/noel-decouvrez-les-styles-de-deco-incontournables-en-2017\/","title":{"rendered":"No\u00ebl : d\u00e9couvrez les styles de d\u00e9co incontournables en 2017 !"},"content":{"rendered":"<p style=\"text-align: left;\">Les jours qui raccourcissent, l\u2019<a href=\"https:\/\/www.basika.fr\/blog\/hiver-egayez-votre-interieur-avec-des-meubles-et-objets-colores-pour-eviter-de-deprimer\/\">hiver<\/a> qui peu \u00e0 peu s\u2019installe dans nos r\u00e9gions, le calendrier de l\u2019Avent \u2026 \u00e7a y est, le mois de d\u00e9cembre a commenc\u00e9\u00a0! Il est donc temps de d\u00e9corer sa maison et surtout, le <strong>sapin<\/strong>\u00a0! Si vous ne l\u2019avez pas encore fait, vous trouverez de l\u2019inspiration dans cet article\u00a0! Nous avons s\u00e9lectionn\u00e9 pour vous 4 grandes tendances en mati\u00e8re de <a href=\"https:\/\/www.basika.fr\/blog\/decouvrez-nos-idees-de-decoration-pour-un-noel-creatif\/\">d\u00e9coration<\/a> de No\u00ebl parmi tous les styles \u00e0 la mode en cette fin 2017. Rassurez-vous, vous pouvez tout \u00e0 fait utiliser vos anciens accessoires et objets de d\u00e9co. Et si vous avez envie de nouveaut\u00e9s, faites-vous plaisir avec de nouvelles guirlandes et boules !<\/p>\n<h2 style=\"text-align: left;\">Le traditionnel et l\u2019authentique, deux ind\u00e9modables<\/h2>\n<p><img loading=\"lazy\" decoding=\"async\" class=\"aligncenter wp-image-1936 size-full\" src=\"https:\/\/www.basika.fr\/blog\/wp-content\/uploads\/decoration-noel-2017.jpg\" alt=\"D\u00e9couvrez les 4 grandes tendances d\u00e9co de cette fin d'ann\u00e9e !\" width=\"1000\" height=\"667\" srcset=\"https:\/\/www.basika.fr\/blog\/wp-content\/uploads\/decoration-noel-2017.jpg 1000w, https:\/\/www.basika.fr\/blog\/wp-content\/uploads\/decoration-noel-2017-300x200.jpg 300w, https:\/\/www.basika.fr\/blog\/wp-content\/uploads\/decoration-noel-2017-768x512.jpg 768w\" sizes=\"auto, (max-width: 1000px) 100vw, 1000px\" \/><\/p>\n<p style=\"text-align: left;\">Chaque ann\u00e9e, la m\u00eame question revient. Comment d\u00e9corer le sapin de <strong>No\u00ebl<\/strong>\u00a0? Si vous faites partie des gens qui attendent cette p\u00e9riode avec impatience et qui adorent mettre leur int\u00e9rieur aux couleurs des f\u00eates de fin d\u2019ann\u00e9e, vous avez sans doute remarqu\u00e9 que chaque hiver, de nouvelles tendances sont mises en avant. 2017 n\u2019\u00e9chappe pas \u00e0 la r\u00e8gle\u00a0! Chez <a href=\"https:\/\/www.basika.fr\/\">Basika<\/a>, nous aimons tout particuli\u00e8rement les d\u00e9corations traditionnelles et authentiques, celles qui nous rappellent notre enfance et qui restent des valeurs s\u00fbres car elles plaisent aux grands comme aux petits. Pour ces deux styles, misez sur du rouge et du blanc, ou du rouge et du vert, des couleurs qui apportent imm\u00e9diatement de la chaleur et qui sont parfaitement dans le th\u00e8me\u00a0! Pour le sapin, choisissez des sujets en bois, des boules en verre, des guirlandes lumineuses et bien s\u00fbr, ajoutez une \u00e9toile \u00e0 la pointe\u00a0! En amont, vous pouvez saupoudrer sur les branches de la fausse neige. Quelques touches de dor\u00e9 donneront la note finale \u00e0 l\u2019embellissement de votre int\u00e9rieur. Sur la table, pour les repas de f\u00eates, mettez des pommes de pin, des branches de sapin et des bougies pour cr\u00e9er une ambiance festive.<\/p>\n<h2 style=\"text-align: left;\">Le scandinave et l\u2019art d\u00e9co, deux tendances phares\u00a0!<\/h2>\n<p style=\"text-align: left;\">En 2017, le naturel est \u00e0 l\u2019honneur pour No\u00ebl. Cela explique qu\u2019\u00e0 c\u00f4t\u00e9 des <strong>d\u00e9coration<\/strong>s traditionnelles et authentiques soient toujours \u00e0 la mode celles venues des pays du nord\u00a0! Alors cette fois encore, vous pouvez opter pour une d\u00e9co scandinave\u00a0avec des tons clairs tels que du blanc, du beige et du taupe, des objets et sujets en bois, des bougies en abondance pour une atmosph\u00e8re cocooning et des mati\u00e8res chaudes pour les accessoires (plaids et coussins en cachemire et en laine \u2026etc.). Avec ce style, l\u2019esprit nature est omnipr\u00e9sent\u00a0!<\/p>\n<p style=\"text-align: left;\">Et si cette ann\u00e9e, vous voulez une d\u00e9coration de No\u00ebl originale et \u00e9l\u00e9gante, l\u2019Art d\u00e9co r\u00e9pondra \u00e0 vos envies\u00a0! C\u2019est une des tendances incontournables de 2017 et qui est id\u00e9ale pour les f\u00eates. Cette fois, le naturel est mis de c\u00f4t\u00e9. Il est remplac\u00e9 par des objets aux lignes g\u00e9om\u00e9triques et graphiques, par des mati\u00e8res nobles (laiton et cuivre par exemple), des couleurs fortes (saphir, bordeaux, noir, dor\u00e9 et \u00e9meraude notamment) \u2026 Un d\u00e9cor fastueux en somme mais tellement beau et enchanteur\u00a0! Avec l\u2019Art d\u00e9co, on ne fait plus dans le minimalisme\u00a0ce qui convient tr\u00e8s bien \u00e0 cette p\u00e9riode festive o\u00f9 l\u2019on se retrouve en famille et o\u00f9 l\u2019on se fait plaisir.<\/p>\n<p style=\"text-align: left;\">Maintenant, il ne vous reste plus qu\u2019\u00e0 faire votre choix !<\/p>\n","protected":false},"excerpt":{"rendered":"<p>Les jours qui raccourcissent, l\u2019hiver qui peu \u00e0 peu s\u2019installe dans nos r\u00e9gions, le calendrier de l\u2019Avent \u2026 \u00e7a y est, le mois de d\u00e9cembre a commenc\u00e9\u00a0! Il est donc temps de d\u00e9corer sa maison et surtout, le sapin\u00a0! Si vous ne l\u2019avez pas encore fait, vous trouverez de l\u2019inspiration dans cet article\u00a0! Nous avons<\/p>\n","protected":false},"author":1,"featured_media":0,"comment_status":"closed","ping_status":"closed","sticky":false,"template":"","format":"standard","meta":{"footnotes":""},"categories":[490],"tags":[],"class_list":["post-1935","post","type-post","status-publish","format-standard","hentry","category-tendances-deco"],"aioseo_notices":[],"amp_enabled":true,"_links":{"self":[{"href":"https:\/\/www.basika.fr\/blog\/wp-json\/wp\/v2\/posts\/1935","targetHints":{"allow":["GET"]}}],"collection":[{"href":"https:\/\/www.basika.fr\/blog\/wp-json\/wp\/v2\/posts"}],"about":[{"href":"https:\/\/www.basika.fr\/blog\/wp-json\/wp\/v2\/types\/post"}],"author":[{"embeddable":true,"href":"https:\/\/www.basika.fr\/blog\/wp-json\/wp\/v2\/users\/1"}],"replies":[{"embeddable":true,"href":"https:\/\/www.basika.fr\/blog\/wp-json\/wp\/v2\/comments?post=1935"}],"version-history":[{"count":1,"href":"https:\/\/www.basika.fr\/blog\/wp-json\/wp\/v2\/posts\/1935\/revisions"}],"predecessor-version":[{"id":1937,"href":"https:\/\/www.basika.fr\/blog\/wp-json\/wp\/v2\/posts\/1935\/revisions\/1937"}],"wp:attachment":[{"href":"https:\/\/www.basika.fr\/blog\/wp-json\/wp\/v2\/media?parent=1935"}],"wp:term":[{"taxonomy":"category","embeddable":true,"href":"https:\/\/www.basika.fr\/blog\/wp-json\/wp\/v2\/categories?post=1935"},{"taxonomy":"post_tag","embeddable":true,"href":"https:\/\/www.basika.fr\/blog\/wp-json\/wp\/v2\/tags?post=1935"}],"curies":[{"name":"wp","href":"https:\/\/api.w.org\/{rel}","templated":true}]}}