{"id":2009,"date":"2018-09-12T09:50:21","date_gmt":"2018-09-12T07:50:21","guid":{"rendered":"http:\/\/www.basika.fr\/blog\/?p=2009"},"modified":"2020-11-20T13:55:30","modified_gmt":"2020-11-20T12:55:30","slug":"cest-la-rentree-et-si-vous-en-profitiez-pour-mieux-organiser-votre-bureau","status":"publish","type":"post","link":"https:\/\/www.basika.fr\/blog\/cest-la-rentree-et-si-vous-en-profitiez-pour-mieux-organiser-votre-bureau\/","title":{"rendered":"C\u2019est la rentr\u00e9e ! Et si vous en profitiez pour mieux organiser votre bureau ?"},"content":{"rendered":"<p>Le mois de septembre a commenc\u00e9 depuis une dizaine de jours et nous sommes nombreux \u00e0 avoir repris la route du travail ou de l\u2019\u00e9cole depuis une ou plusieurs semaines. La rentr\u00e9e a donc bien eu lieu\u00a0! Un moment propice aux bonnes r\u00e9solutions (on n\u2019est pas oblig\u00e9s de les prendre en janvier) et s\u2019il ne devait y en avoir qu\u2019une seule, ce serait la suivante\u00a0: ranger son <strong>bureau<\/strong>. En effet, apr\u00e8s les vacances d\u2019\u00e9t\u00e9, il est toujours un peu de difficile de se remettre au travail. Et si on a un <a href=\"https:\/\/www.basika.fr\/bureau-meuble-informatique.htm\">meuble informatique<\/a> compl\u00e8tement d\u00e9sorganis\u00e9, cela n\u2019aide pas. C\u2019est pourquoi le moment est venu de faire du tri et de le d\u00e9barrasser de son d\u00e9sordre.<\/p>\n<h2>Les rangements, des indispensables pour une bonne organisation\u00a0!<\/h2>\n<p><img loading=\"lazy\" decoding=\"async\" class=\"aligncenter wp-image-2010 size-full\" src=\"https:\/\/www.basika.fr\/blog\/wp-content\/uploads\/rangements-bureau.jpg\" alt=\"Organisez votre bureau pour la rentr\u00e9e !\" width=\"1900\" height=\"1120\" srcset=\"https:\/\/www.basika.fr\/blog\/wp-content\/uploads\/rangements-bureau.jpg 1900w, https:\/\/www.basika.fr\/blog\/wp-content\/uploads\/rangements-bureau-300x177.jpg 300w, https:\/\/www.basika.fr\/blog\/wp-content\/uploads\/rangements-bureau-768x453.jpg 768w, https:\/\/www.basika.fr\/blog\/wp-content\/uploads\/rangements-bureau-1024x604.jpg 1024w\" sizes=\"auto, (max-width: 1900px) 100vw, 1900px\" \/><\/p>\n<p>Un espace de travail bien rang\u00e9 aide \u00e0 \u00eatre efficace et donc, productif. De m\u00eame, c\u2019est plus agr\u00e9able et cela peut permettre de retrouver un peu de motivation. C\u2019est pourquoi, la premi\u00e8re chose \u00e0 faire est de tout d\u00e9barrasser. Enlevez tout ce qui tra\u00eene sur votre plan de travail (sauf votre mat\u00e9riel informatique car vous en avez forc\u00e9ment besoin) et faites des piles\u00a0: d\u2019un c\u00f4t\u00e9 les affaires que vous gardez, d\u2019un autre c\u00f4t\u00e9 celles qui sont inutiles (ou que vous n\u2019utilisez plus quotidiennement). Ensuite, place aux <strong>rangements<\/strong>. Etag\u00e8res, bo\u00eetes, corbeilles, pot \u00e0 crayons, petites pani\u00e8res \u2026 vous avez l\u2019embarras du choix pour \u00e9quiper votre bureau\u00a0! Si ce dernier ne comporte pas de tiroirs, vous pouvez acheter un <a href=\"https:\/\/www.basika.fr\/bureau-caisson.htm\">caisson \u00e0 roulettes<\/a> ou un meuble pour ranger des classeurs, des dossiers ou une biblioth\u00e8que. Ici, l\u2019objectif est que chaque objet ait un espace de rangement d\u00e9di\u00e9 pour que vous vous y retrouviez plus facilement. Donc, on regroupe les stylos dans un m\u00eame pot, les courriers dans une m\u00eame bannette, les trombones dans une petite bo\u00eete \u2026etc.<\/p>\n<h2>La lumi\u00e8re et les accessoires, des d\u00e9tails \u00e0 ne pas n\u00e9gliger\u00a0!<\/h2>\n<p>Pour vos rangements, n\u2019h\u00e9sitez pas \u00e0 opter pour de jolis <a href=\"https:\/\/www.basika.fr\/blog\/les-accessoires-indispensables-pour-avoir-une-maison-bien-organisee-au-quotidien\/\">accessoires<\/a>, qui vous donneront envie de les utiliser et qui apporteront une touche de d\u00e9co \u00e0 votre bureau. Apr\u00e8s avoir r\u00e9organis\u00e9 votre surface de travail, s\u2019il reste de la place, vous pouvez tout \u00e0 fait ajouter quelques objets d\u00e9coratifs (peu encombrants si possible) comme une petite figurine, une plante dans un pot, un joli r\u00e9veil et bien s\u00fbr, une lampe. On n\u2019y pense pas forc\u00e9ment, mais l\u2019\u00e9clairage est un facteur de productivit\u00e9. Une lumi\u00e8re douce, adapt\u00e9e \u00e0 votre activit\u00e9, vous aidera \u00e0 vous sentir bien et donc, \u00e0 bien travailler. D\u00e8s lors, prenez votre temps pour choisir votre <strong>lampe<\/strong> et si votre pi\u00e8ce est peu lumineuse, multipliez les sources de lumi\u00e8re pour ne pas rester dans le noir en fin de journ\u00e9e ou lorsqu\u2019il fait gris. Et surtout, apr\u00e8s avoir utilis\u00e9 quelque chose, remettez-le o\u00f9 vous l\u2019avez pris pour \u00e9viter de cr\u00e9er un nouveau d\u00e9sordre\u00a0!<\/p>\n","protected":false},"excerpt":{"rendered":"<p>Le mois de septembre a commenc\u00e9 depuis une dizaine de jours et nous sommes nombreux \u00e0 avoir repris la route du travail ou de l\u2019\u00e9cole depuis une ou plusieurs semaines. La rentr\u00e9e a donc bien eu lieu\u00a0! Un moment propice aux bonnes r\u00e9solutions (on n\u2019est pas oblig\u00e9s de les prendre en janvier) et s\u2019il ne<\/p>\n","protected":false},"author":1,"featured_media":0,"comment_status":"closed","ping_status":"closed","sticky":false,"template":"","format":"standard","meta":{"footnotes":""},"categories":[491],"tags":[],"class_list":["post-2009","post","type-post","status-publish","format-standard","hentry","category-nos-astuces"],"aioseo_notices":[],"amp_enabled":true,"_links":{"self":[{"href":"https:\/\/www.basika.fr\/blog\/wp-json\/wp\/v2\/posts\/2009","targetHints":{"allow":["GET"]}}],"collection":[{"href":"https:\/\/www.basika.fr\/blog\/wp-json\/wp\/v2\/posts"}],"about":[{"href":"https:\/\/www.basika.fr\/blog\/wp-json\/wp\/v2\/types\/post"}],"author":[{"embeddable":true,"href":"https:\/\/www.basika.fr\/blog\/wp-json\/wp\/v2\/users\/1"}],"replies":[{"embeddable":true,"href":"https:\/\/www.basika.fr\/blog\/wp-json\/wp\/v2\/comments?post=2009"}],"version-history":[{"count":1,"href":"https:\/\/www.basika.fr\/blog\/wp-json\/wp\/v2\/posts\/2009\/revisions"}],"predecessor-version":[{"id":2011,"href":"https:\/\/www.basika.fr\/blog\/wp-json\/wp\/v2\/posts\/2009\/revisions\/2011"}],"wp:attachment":[{"href":"https:\/\/www.basika.fr\/blog\/wp-json\/wp\/v2\/media?parent=2009"}],"wp:term":[{"taxonomy":"category","embeddable":true,"href":"https:\/\/www.basika.fr\/blog\/wp-json\/wp\/v2\/categories?post=2009"},{"taxonomy":"post_tag","embeddable":true,"href":"https:\/\/www.basika.fr\/blog\/wp-json\/wp\/v2\/tags?post=2009"}],"curies":[{"name":"wp","href":"https:\/\/api.w.org\/{rel}","templated":true}]}}