{"id":2013,"date":"2018-09-19T10:22:14","date_gmt":"2018-09-19T08:22:14","guid":{"rendered":"http:\/\/www.basika.fr\/blog\/?p=2013"},"modified":"2020-11-20T14:11:23","modified_gmt":"2020-11-20T13:11:23","slug":"comment-choisir-son-meuble-tv-pour-bien-lintegrer-a-sa-deco","status":"publish","type":"post","link":"https:\/\/www.basika.fr\/blog\/comment-choisir-son-meuble-tv-pour-bien-lintegrer-a-sa-deco\/","title":{"rendered":"Comment choisir son meuble TV pour bien l\u2019int\u00e9grer \u00e0 sa d\u00e9co ?"},"content":{"rendered":"<p>De plus en plus fine et design, la t\u00e9l\u00e9vision n\u2019en reste pas moins voyante, surtout quand elle est grande. Par cons\u00e9quent, dans un salon, elle peut prendre assez de place. Si certains l\u2019accrochent \u00e0 un mur pour ne pas encombrer l\u2019espace, il est possible de l\u2019int\u00e9grer harmonieusement \u00e0 la d\u00e9coration en achetant un <strong>meuble TV<\/strong> adapt\u00e9. En effet, on en trouve aujourd\u2019hui de tous les styles et de toutes les dimensions. Seulement, comme toujours, lorsqu\u2019on a l\u2019embarras du choix, il est difficile de se d\u00e9cider et on perd souvent du temps \u00e0 h\u00e9siter entre plusieurs mod\u00e8les. Si vous \u00eates dans cette situation, nous vous proposons quelques conseils pour trouver la perle rare pour votre salon.<\/p>\n<h2>Pr\u00e9f\u00e9rer un mobilier pratique avec des rangements<\/h2>\n<p><img loading=\"lazy\" decoding=\"async\" class=\"aligncenter wp-image-2015 size-full\" src=\"https:\/\/www.basika.fr\/blog\/wp-content\/uploads\/meuble-tv-salon.jpg\" alt=\"Un meuble tv qui s'adapte \u00e0 votre d\u00e9coration\" width=\"1217\" height=\"735\" srcset=\"https:\/\/www.basika.fr\/blog\/wp-content\/uploads\/meuble-tv-salon.jpg 1217w, https:\/\/www.basika.fr\/blog\/wp-content\/uploads\/meuble-tv-salon-300x181.jpg 300w, https:\/\/www.basika.fr\/blog\/wp-content\/uploads\/meuble-tv-salon-768x464.jpg 768w, https:\/\/www.basika.fr\/blog\/wp-content\/uploads\/meuble-tv-salon-1024x618.jpg 1024w\" sizes=\"auto, (max-width: 1217px) 100vw, 1217px\" \/><\/p>\n<p>Souvent, on se contente rarement d\u2019une t\u00e9l\u00e9vision. On y ajoute aussi un home-cin\u00e9ma ou un lecteur DVD \/ Blu-ray, un d\u00e9codeur ou une box pour avoir plus de cha\u00eenes, une ou plusieurs consoles de jeux (pour les amateurs bien s\u00fbr) \u2026 autant d\u2019\u00e9quipements qu\u2019il faut relier et laisser \u00e0 proximit\u00e9 de l\u2019\u00e9cran. C\u2019est pourquoi nous vous conseillons d\u2019opter pour un <a href=\"https:\/\/www.basika.fr\/meuble-tv-design.htm\">meuble TV fonctionnel avec des rangements<\/a>. Ainsi, vous ne serez pas oblig\u00e9 d\u2019exposer \u00e0 la vue de tous vos consoles ou votre box. Vous pourrez les ranger dans les tiroirs ou compartiments de votre mobilier. Idem pour les DVD, les jeux vid\u00e9o, les CD et les t\u00e9l\u00e9commandes. De plus, certains mod\u00e8les sont \u00e9quip\u00e9s de passe-c\u00e2bles pour \u00e9viter que les fils soient visibles. En outre, plus vous avez des rangements, moins vous laissez tra\u00eener des affaires et plus votre pi\u00e8ce est bien rang\u00e9e.<\/p>\n<h2>Tenir compte du style du salon et de la superficie<\/h2>\n<p>Autre conseil tr\u00e8s important\u00a0: faites attention aux dimensions de votre <strong>salon<\/strong>. Vous devez prendre un meuble TV qui convient \u00e0 l\u2019espace dont vous disposez. Si vous avez une toute petite pi\u00e8ce, un mod\u00e8le d\u2019angle pourra \u00eatre une solution judicieuse par exemple. Il existe aussi des mobiliers modulables, ou que l\u2019on peut fixer au mur. Si vous aimez modifier r\u00e9guli\u00e8rement l\u2019agencement de votre salon, privil\u00e9giez un mod\u00e8le \u00e0 roulettes qui sera plus facile \u00e0 d\u00e9placer.<\/p>\n<p>En outre, il faut absolument prendre en compte la d\u00e9coration. Si vous voulez qu\u2019il s\u2019int\u00e8gre parfaitement, il vaut mieux qu\u2019il soit assorti, tant au niveau des lignes, du style que des couleurs. Enfin, lorsque votre choix sera fait, soyez vigilant quant \u00e0 l\u2019emplacement de votre meuble TV (\u00e9vitez de mettre l\u2019\u00e9cran face \u00e0 une fen\u00eatre par exemple) et ne le placez pas trop pr\u00e8s du canap\u00e9 pour ne pas vous ab\u00eemer la vue.<\/p>\n","protected":false},"excerpt":{"rendered":"<p>De plus en plus fine et design, la t\u00e9l\u00e9vision n\u2019en reste pas moins voyante, surtout quand elle est grande. Par cons\u00e9quent, dans un salon, elle peut prendre assez de place. Si certains l\u2019accrochent \u00e0 un mur pour ne pas encombrer l\u2019espace, il est possible de l\u2019int\u00e9grer harmonieusement \u00e0 la d\u00e9coration en achetant un meuble TV<\/p>\n","protected":false},"author":1,"featured_media":0,"comment_status":"closed","ping_status":"closed","sticky":false,"template":"","format":"standard","meta":{"footnotes":""},"categories":[492],"tags":[],"class_list":["post-2013","post","type-post","status-publish","format-standard","hentry","category-guides-achats"],"aioseo_notices":[],"amp_enabled":true,"_links":{"self":[{"href":"https:\/\/www.basika.fr\/blog\/wp-json\/wp\/v2\/posts\/2013","targetHints":{"allow":["GET"]}}],"collection":[{"href":"https:\/\/www.basika.fr\/blog\/wp-json\/wp\/v2\/posts"}],"about":[{"href":"https:\/\/www.basika.fr\/blog\/wp-json\/wp\/v2\/types\/post"}],"author":[{"embeddable":true,"href":"https:\/\/www.basika.fr\/blog\/wp-json\/wp\/v2\/users\/1"}],"replies":[{"embeddable":true,"href":"https:\/\/www.basika.fr\/blog\/wp-json\/wp\/v2\/comments?post=2013"}],"version-history":[{"count":2,"href":"https:\/\/www.basika.fr\/blog\/wp-json\/wp\/v2\/posts\/2013\/revisions"}],"predecessor-version":[{"id":2016,"href":"https:\/\/www.basika.fr\/blog\/wp-json\/wp\/v2\/posts\/2013\/revisions\/2016"}],"wp:attachment":[{"href":"https:\/\/www.basika.fr\/blog\/wp-json\/wp\/v2\/media?parent=2013"}],"wp:term":[{"taxonomy":"category","embeddable":true,"href":"https:\/\/www.basika.fr\/blog\/wp-json\/wp\/v2\/categories?post=2013"},{"taxonomy":"post_tag","embeddable":true,"href":"https:\/\/www.basika.fr\/blog\/wp-json\/wp\/v2\/tags?post=2013"}],"curies":[{"name":"wp","href":"https:\/\/api.w.org\/{rel}","templated":true}]}}