{"id":2059,"date":"2019-01-04T09:47:27","date_gmt":"2019-01-04T08:47:27","guid":{"rendered":"http:\/\/www.basika.fr\/blog\/?p=2059"},"modified":"2020-11-13T16:56:07","modified_gmt":"2020-11-13T15:56:07","slug":"basika-vous-souhaite-dexcellentes-fetes-de-fin-dannee","status":"publish","type":"post","link":"https:\/\/www.basika.fr\/blog\/basika-vous-souhaite-dexcellentes-fetes-de-fin-dannee\/","title":{"rendered":"Basika vous souhaite d&rsquo;excellentes f\u00eates de fin d&rsquo;ann\u00e9e !"},"content":{"rendered":"<p>2018 s&rsquo;ach\u00e8ve pour laisser place \u00e0 2019. Le moment est donc venu pour nous de vous remercier pour votre fid\u00e9lit\u00e9. Cette ann\u00e9e encore, vous avez \u00e9t\u00e9 nombreux \u00e0 <a href=\"https:\/\/www.basika.fr\">choisir notre magasin de meubles<\/a> pour r\u00e9aliser vos achats et ainsi, am\u00e9nager et d\u00e9corer votre int\u00e9rieur \u00e0 des petits prix. Nous en profitons \u00e9galement pour vous souhaiter de tr\u00e8s bonnes f\u00eates, en compagnie de vos proches et de votre famille. Et pour que cette nouvelle ann\u00e9e commence sous les meilleurs auspices, nous vous recommandons une seule bonne r\u00e9solution, assez facile \u00e0 tenir\u00a0: nous faire confiance pour vos achats de mobilier\u00a0!<\/p>\n<h2>Une nouvelle ann\u00e9e plac\u00e9e sous le signe de la d\u00e9co\u00a0!<\/h2>\n<p>Apr\u00e8s les f\u00eates de fin d\u2019ann\u00e9e, lorsque le calme revient, qu\u2019on enl\u00e8ve le sapin et que l\u2019on range les d\u00e9corations de No\u00ebl dans leur carton, on peut avoir une petite baisse de moral. Pour y rem\u00e9dier, il existe moult solutions. Notre pr\u00e9f\u00e9r\u00e9e\u00a0: changer la d\u00e9co de son int\u00e9rieur. Un nouveau meuble par-ci, un nouvel objet par-l\u00e0 \u2026 cela permet d\u2019apporter un peu de nouveaut\u00e9, de se changer les id\u00e9es. Et puis le d\u00e9but d\u2019ann\u00e9e est aussi synonyme de <a href=\"https:\/\/www.basika.fr\/soldes-meubles.htm\">soldes\u00a0<\/a>! La p\u00e9riode id\u00e9ale pour s\u2019offrir du mobilier \u00e0 des prix tr\u00e8s attractifs, d\u2019autant que notre magasin vous propose de nombreuses r\u00e9f\u00e9rences sold\u00e9es pour toutes les pi\u00e8ces et pour toutes les envies\u00a0!<\/p>\n<h2>La bonne r\u00e9solution \u00e0 prendre\u00a0: s\u2019\u00e9quiper sur notre magasin de meubles en ligne\u00a0!<\/h2>\n<p>Tous les ans, c\u2019est le m\u00eame rituel. On prend plein de r\u00e9solutions, que l\u2019on tient rarement jusqu\u2019au 31 d\u00e9cembre. Alors le mieux est de ne prendre qu\u2019une seule, qui ne sera pas trop contraignante afin de s\u2019y tenir. D\u00e8s lors, si vous aimez la d\u00e9coration et changer l\u2019am\u00e9nagement de votre int\u00e9rieur r\u00e9guli\u00e8rement, suivez notre conseil et continuez (ou commencez\u00a0!) \u00e0 acheter votre mobilier sur notre magasin en ligne\u00a0! De janvier \u00e0 d\u00e9cembre, nous mettons \u00e0 votre disposition un catalogue complet de produits, avec des collections renouvel\u00e9es r\u00e9guli\u00e8rement. Et pour 2019, nous avons pr\u00e9vu de vous offrir de belles surprises avec de nouveaux meubles, accessoires et des prix toujours aussi doux. Une mani\u00e8re agr\u00e9able de d\u00e9buter l\u2019ann\u00e9e en beaut\u00e9, n\u2019est-ce pas\u00a0?<\/p>\n","protected":false},"excerpt":{"rendered":"<p>2018 s&rsquo;ach\u00e8ve pour laisser place \u00e0 2019. Le moment est donc venu pour nous de vous remercier pour votre fid\u00e9lit\u00e9. Cette ann\u00e9e encore, vous avez \u00e9t\u00e9 nombreux \u00e0 choisir notre magasin de meubles pour r\u00e9aliser vos achats et ainsi, am\u00e9nager et d\u00e9corer votre int\u00e9rieur \u00e0 des petits prix. Nous en profitons \u00e9galement pour vous souhaiter<\/p>\n","protected":false},"author":1,"featured_media":0,"comment_status":"closed","ping_status":"closed","sticky":false,"template":"","format":"standard","meta":{"footnotes":""},"categories":[491],"tags":[],"class_list":["post-2059","post","type-post","status-publish","format-standard","hentry","category-nos-astuces"],"aioseo_notices":[],"amp_enabled":true,"_links":{"self":[{"href":"https:\/\/www.basika.fr\/blog\/wp-json\/wp\/v2\/posts\/2059","targetHints":{"allow":["GET"]}}],"collection":[{"href":"https:\/\/www.basika.fr\/blog\/wp-json\/wp\/v2\/posts"}],"about":[{"href":"https:\/\/www.basika.fr\/blog\/wp-json\/wp\/v2\/types\/post"}],"author":[{"embeddable":true,"href":"https:\/\/www.basika.fr\/blog\/wp-json\/wp\/v2\/users\/1"}],"replies":[{"embeddable":true,"href":"https:\/\/www.basika.fr\/blog\/wp-json\/wp\/v2\/comments?post=2059"}],"version-history":[{"count":1,"href":"https:\/\/www.basika.fr\/blog\/wp-json\/wp\/v2\/posts\/2059\/revisions"}],"predecessor-version":[{"id":2060,"href":"https:\/\/www.basika.fr\/blog\/wp-json\/wp\/v2\/posts\/2059\/revisions\/2060"}],"wp:attachment":[{"href":"https:\/\/www.basika.fr\/blog\/wp-json\/wp\/v2\/media?parent=2059"}],"wp:term":[{"taxonomy":"category","embeddable":true,"href":"https:\/\/www.basika.fr\/blog\/wp-json\/wp\/v2\/categories?post=2059"},{"taxonomy":"post_tag","embeddable":true,"href":"https:\/\/www.basika.fr\/blog\/wp-json\/wp\/v2\/tags?post=2059"}],"curies":[{"name":"wp","href":"https:\/\/api.w.org\/{rel}","templated":true}]}}