{"id":2061,"date":"2019-01-11T10:31:47","date_gmt":"2019-01-11T09:31:47","guid":{"rendered":"http:\/\/www.basika.fr\/blog\/?p=2061"},"modified":"2020-01-09T11:57:58","modified_gmt":"2020-01-09T10:57:58","slug":"qui-a-dit-quune-table-basse-devait-exclusivement-etre-en-interieur","status":"publish","type":"post","link":"https:\/\/www.basika.fr\/blog\/qui-a-dit-quune-table-basse-devait-exclusivement-etre-en-interieur\/","title":{"rendered":"Qui a dit qu&rsquo;une table devait exclusivement \u00eatre en int\u00e9rieur ?"},"content":{"rendered":"<p>Lorsqu\u2019on pense <strong>table basse<\/strong>, on imagine tout de suite un salon dans une maison ou un appartement avec un canap\u00e9 et des fauteuils. Pourtant, ce meuble n\u2019est pas uniquement destin\u00e9 \u00e0 un usage int\u00e9rieur. Aujourd\u2019hui, on trouve des mod\u00e8les sp\u00e9cialement con\u00e7us pour l\u2019ext\u00e9rieur. Il est m\u00eame possible de sortir celle de votre s\u00e9jour pour la mettre dehors\u00a0! Ainsi, cela permet de compl\u00e9ter un salon de jardin et de le rendre encore plus convivial. En effet, ce mobilier convient \u00e0 plusieurs usages et s\u2019av\u00e8re tr\u00e8s pratique pour profiter de son ext\u00e9rieur (balcon, terrasse ou jardin) lorsque les beaux jours reviennent. Il est aussi esth\u00e9tique et apporte une note cosy. D\u00e9clin\u00e9 en divers mod\u00e8les, il peut \u00eatre en bois, en r\u00e9sine tress\u00e9e, en plastique et personnalis\u00e9 avec quelques accessoires et objets de d\u00e9coration.<\/p>\n<h2>Le meuble id\u00e9al pour des moments conviviaux\u00a0!<\/h2>\n<p><img loading=\"lazy\" decoding=\"async\" class=\"aligncenter wp-image-2064 size-full\" src=\"https:\/\/www.basika.fr\/blog\/wp-content\/uploads\/table-basse-salon-de-jardin.jpg\" alt=\"La table basse parfaite pour votre salon de jardin !\" width=\"1200\" height=\"900\" srcset=\"https:\/\/www.basika.fr\/blog\/wp-content\/uploads\/table-basse-salon-de-jardin.jpg 1200w, https:\/\/www.basika.fr\/blog\/wp-content\/uploads\/table-basse-salon-de-jardin-300x225.jpg 300w, https:\/\/www.basika.fr\/blog\/wp-content\/uploads\/table-basse-salon-de-jardin-768x576.jpg 768w, https:\/\/www.basika.fr\/blog\/wp-content\/uploads\/table-basse-salon-de-jardin-1024x768.jpg 1024w\" sizes=\"auto, (max-width: 1200px) 100vw, 1200px\" \/><\/p>\n<p>Ap\u00e9ritif, repas, pause d\u00e9tente, discussion entre amis ou en famille, go\u00fbter, pause lecture, activit\u00e9s manuelles et cr\u00e9atives \u2026 autant de moments o\u00f9 l\u2019on se rassemble avec plaisir <a href=\"https:\/\/www.basika.fr\/table-basse-pas-cher.htm\">autour d\u2019une table basse<\/a>. C\u2019est pourquoi elle devient de plus en plus incontournable \u00e0 l\u2019ext\u00e9rieur\u00a0! Un <strong>salon de jardin<\/strong> est souvent le synonyme du retour du printemps et de l\u2019\u00e9t\u00e9, de convivialit\u00e9, de repos et de loisirs. Et quand il est agr\u00e9ment\u00e9 d\u2019une table basse, c\u2019est encore plus vrai\u00a0! Cette derni\u00e8re pla\u00eet d\u2019ailleurs aux petits et grands qui n\u2019h\u00e9sitent pas \u00e0 s\u2019y installer lorsqu\u2019il fait beau. De plus, elle va avec tout, aussi bien des coussins de sol que des fauteuils et canap\u00e9s. Si vous aimez vous retrouver en famille ou avec vos proches dehors, d\u00e8s que le soleil est au rendez-vous et les temp\u00e9ratures plus douces, elle est faite pour vous\u00a0!<\/p>\n<h2>Quelques conseils pour choisir le bon mod\u00e8le pour votre salon de jardin<\/h2>\n<p>Vous avez envie de vous offrir une table basse pour l\u2019ext\u00e9rieur\u00a0? Une sage d\u00e9cision que vous ne regretterez pas\u00a0! Et pour acheter le bon mod\u00e8le, nous vous conseillons de tenir compte de vos besoins. Par exemple\u00a0: comptez-vous l\u2019utiliser pour des ap\u00e9ritifs\u00a0? Ou juste comme meuble d\u2019appoint\u00a0?<\/p>\n<p>Le mat\u00e9riau est aussi un crit\u00e8re important. Si vous optez pour du bois, il faut une essence r\u00e9sistante aux intemp\u00e9ries comme le teck. Si vous pr\u00e9f\u00e9rez un <strong>mobilier<\/strong> facile \u00e0 entretenir, vous pouvez choisir de la r\u00e9sine tress\u00e9e ou du plastique. Pour une touche design, le m\u00e9tal est parfait mais attention, il faut le ranger quand il pleut car il peut rouiller. Pour le format, vous retrouvez des tables rondes, carr\u00e9es, rectangulaires ou ovales, qui peuvent \u00eatre plus ou moins hautes, grandes ou petites. Enfin, il est possible de l\u2019acheter seule ou bien, au sein d\u2019un salon de jardin avec d\u2019autres \u00e9l\u00e9ments assortis. Et n\u2019h\u00e9sitez pas \u00e0 profiter des soldes pour vous offrir le mod\u00e8le de vos r\u00eaves\u00a0!<\/p>\n","protected":false},"excerpt":{"rendered":"<p>Lorsqu\u2019on pense table basse, on imagine tout de suite un salon dans une maison ou un appartement avec un canap\u00e9 et des fauteuils. Pourtant, ce meuble n\u2019est pas uniquement destin\u00e9 \u00e0 un usage int\u00e9rieur. Aujourd\u2019hui, on trouve des mod\u00e8les sp\u00e9cialement con\u00e7us pour l\u2019ext\u00e9rieur. Il est m\u00eame possible de sortir celle de votre s\u00e9jour pour la<\/p>\n","protected":false},"author":1,"featured_media":0,"comment_status":"closed","ping_status":"closed","sticky":false,"template":"","format":"standard","meta":{"footnotes":""},"categories":[1],"tags":[],"class_list":["post-2061","post","type-post","status-publish","format-standard","hentry","category-non-classe"],"aioseo_notices":[],"amp_enabled":true,"_links":{"self":[{"href":"https:\/\/www.basika.fr\/blog\/wp-json\/wp\/v2\/posts\/2061","targetHints":{"allow":["GET"]}}],"collection":[{"href":"https:\/\/www.basika.fr\/blog\/wp-json\/wp\/v2\/posts"}],"about":[{"href":"https:\/\/www.basika.fr\/blog\/wp-json\/wp\/v2\/types\/post"}],"author":[{"embeddable":true,"href":"https:\/\/www.basika.fr\/blog\/wp-json\/wp\/v2\/users\/1"}],"replies":[{"embeddable":true,"href":"https:\/\/www.basika.fr\/blog\/wp-json\/wp\/v2\/comments?post=2061"}],"version-history":[{"count":4,"href":"https:\/\/www.basika.fr\/blog\/wp-json\/wp\/v2\/posts\/2061\/revisions"}],"predecessor-version":[{"id":2176,"href":"https:\/\/www.basika.fr\/blog\/wp-json\/wp\/v2\/posts\/2061\/revisions\/2176"}],"wp:attachment":[{"href":"https:\/\/www.basika.fr\/blog\/wp-json\/wp\/v2\/media?parent=2061"}],"wp:term":[{"taxonomy":"category","embeddable":true,"href":"https:\/\/www.basika.fr\/blog\/wp-json\/wp\/v2\/categories?post=2061"},{"taxonomy":"post_tag","embeddable":true,"href":"https:\/\/www.basika.fr\/blog\/wp-json\/wp\/v2\/tags?post=2061"}],"curies":[{"name":"wp","href":"https:\/\/api.w.org\/{rel}","templated":true}]}}