{"id":2080,"date":"2019-03-13T14:59:02","date_gmt":"2019-03-13T13:59:02","guid":{"rendered":"http:\/\/www.basika.fr\/blog\/?p=2080"},"modified":"2020-11-13T16:54:10","modified_gmt":"2020-11-13T15:54:10","slug":"basika-soutient-la-journee-internationale-des-droits-des-femmes","status":"publish","type":"post","link":"https:\/\/www.basika.fr\/blog\/basika-soutient-la-journee-internationale-des-droits-des-femmes\/","title":{"rendered":"Basika soutient la journ\u00e9e internationale des droits des femmes !"},"content":{"rendered":"<p>En France, la Journ\u00e9e internationale des femmes, que l\u2019on appelle aussi <strong>journ\u00e9e internationale des droits des femmes<\/strong>, a lieu le\u00a08 mars. Cette ann\u00e9e, cela tombait un vendredi et chez Basika, nous soutenons depuis la cr\u00e9ation de notre entreprise la lutte pour les droits des femmes. Et tant que l\u2019\u00e9galit\u00e9 entre les femmes et les hommes ne sera pas pleinement et durablement atteinte, en France et dans le monde, nous continuerons de c\u00e9l\u00e9brer cette Journ\u00e9e. En 2019, le th\u00e8me retenu par l\u2019ONU \u00e9tait \u00ab\u00a0Penser \u00e9quitablement, b\u00e2tir intelligemment, innover pour le changement\u00a0\u00bb afin de r\u00e9fl\u00e9chir aux moyens qui permettront d\u2019am\u00e9liorer et de faire progresser l\u2019\u00e9galit\u00e9 entre les sexes et l\u2019autonomisation des femmes.<\/p>\n<h2>Des actions aux quatre coins du monde pour promouvoir l\u2019\u00e9galit\u00e9<\/h2>\n<p>Tous les ans, \u00e0 l\u2019occasion de cette Journ\u00e9e, des actions sont organis\u00e9es telles que des manifestations, des distributions de tracts, des sensibilisations aupr\u00e8s du public (enfants et adultes), des marches, des conf\u00e9rences \u2026etc. Les \u00e9v\u00e9nements et sujets sont nombreux, et varient selon les villes afin de trouver des solutions pour lutter contre les in\u00e9galit\u00e9s, qui aujourd\u2019hui encore persistent partout dans le monde. Et comme le rappelle l\u2019ONU, la parit\u00e9 est loin d\u2019\u00eatre atteinte et malheureusement, \u00ab\u00a0les actions en cours ne suffiront pas pour l\u2019instauration d\u2019une Plan\u00e8te 50-50 d\u2019ici 2030\u00a0\u00bb. C\u2019est pourquoi il est important de c\u00e9l\u00e9brer chaque ann\u00e9e cette Journ\u00e9e pour esp\u00e9rer, un jour, pouvoir changer la situation.<\/p>\n<h2>La lutte pour les droits des femmes, un engagement qui nous tient \u00e0 c\u0153ur<\/h2>\n<p>L\u2019origine de cette Journ\u00e9e remonte au d\u00e9but du XX<sup>\u00e8me<\/sup> si\u00e8cle, \u00e0 une \u00e9poque o\u00f9 les luttes ouvri\u00e8res et les manifestations de femmes demandant le droit de vote, de meilleures conditions de travail et l\u2019\u00e9galit\u00e9 entre les sexes secou\u00e8rent l\u2019Europe. C\u2019est en 1910 qu\u2019elle a \u00e9t\u00e9 propos\u00e9e durant une conf\u00e9rence internationale des femmes socialistes. En 1917, la date est fix\u00e9e au 8 mars et il faut attendre la fin de la Seconde Guerre mondiale pour que cette Journ\u00e9e devienne une tradition internationale. En 1977, l\u2019Organisation des Nations Unies la reconna\u00eet officiellement. En France, cette reconnaissance date de 1982. Chez <strong>Basika<\/strong>, nous nous engageons toute l\u2019ann\u00e9e en faveur de l\u2019\u00e9galit\u00e9 entre les femmes et les hommes et nous c\u00e9l\u00e9brons \u00e0 chaque \u00e9dition la Journ\u00e9e internationale des femmes.<\/p>\n","protected":false},"excerpt":{"rendered":"<p>En France, la Journ\u00e9e internationale des femmes, que l\u2019on appelle aussi journ\u00e9e internationale des droits des femmes, a lieu le\u00a08 mars. Cette ann\u00e9e, cela tombait un vendredi et chez Basika, nous soutenons depuis la cr\u00e9ation de notre entreprise la lutte pour les droits des femmes. Et tant que l\u2019\u00e9galit\u00e9 entre les femmes et les hommes<\/p>\n","protected":false},"author":1,"featured_media":0,"comment_status":"closed","ping_status":"closed","sticky":false,"template":"","format":"standard","meta":{"footnotes":""},"categories":[1],"tags":[],"class_list":["post-2080","post","type-post","status-publish","format-standard","hentry","category-non-classe"],"aioseo_notices":[],"amp_enabled":true,"_links":{"self":[{"href":"https:\/\/www.basika.fr\/blog\/wp-json\/wp\/v2\/posts\/2080","targetHints":{"allow":["GET"]}}],"collection":[{"href":"https:\/\/www.basika.fr\/blog\/wp-json\/wp\/v2\/posts"}],"about":[{"href":"https:\/\/www.basika.fr\/blog\/wp-json\/wp\/v2\/types\/post"}],"author":[{"embeddable":true,"href":"https:\/\/www.basika.fr\/blog\/wp-json\/wp\/v2\/users\/1"}],"replies":[{"embeddable":true,"href":"https:\/\/www.basika.fr\/blog\/wp-json\/wp\/v2\/comments?post=2080"}],"version-history":[{"count":1,"href":"https:\/\/www.basika.fr\/blog\/wp-json\/wp\/v2\/posts\/2080\/revisions"}],"predecessor-version":[{"id":2081,"href":"https:\/\/www.basika.fr\/blog\/wp-json\/wp\/v2\/posts\/2080\/revisions\/2081"}],"wp:attachment":[{"href":"https:\/\/www.basika.fr\/blog\/wp-json\/wp\/v2\/media?parent=2080"}],"wp:term":[{"taxonomy":"category","embeddable":true,"href":"https:\/\/www.basika.fr\/blog\/wp-json\/wp\/v2\/categories?post=2080"},{"taxonomy":"post_tag","embeddable":true,"href":"https:\/\/www.basika.fr\/blog\/wp-json\/wp\/v2\/tags?post=2080"}],"curies":[{"name":"wp","href":"https:\/\/api.w.org\/{rel}","templated":true}]}}