{"id":2096,"date":"2019-08-06T16:34:08","date_gmt":"2019-08-06T14:34:08","guid":{"rendered":"http:\/\/www.basika.fr\/blog\/?p=2096"},"modified":"2019-08-06T16:34:08","modified_gmt":"2019-08-06T14:34:08","slug":"le-fauteuil-suspendu-le-meuble-dexterieur-tendance-de-cet-ete","status":"publish","type":"post","link":"https:\/\/www.basika.fr\/blog\/le-fauteuil-suspendu-le-meuble-dexterieur-tendance-de-cet-ete\/","title":{"rendered":"Le fauteuil suspendu, le meuble d\u2019ext\u00e9rieur tendance de cet \u00e9t\u00e9 !"},"content":{"rendered":"<p>Quand il fait beau, passer du temps dehors devient une de nos pr\u00e9occupations majeures. Nous sommes nombreux \u00e0 envahir les terrasses des caf\u00e9s, des restaurants, \u00e0 profiter de la plage \u2026 Le <strong>jardin<\/strong> est \u00e9galement le lieu id\u00e9al pour profiter du soleil, de la chaleur (ou un balcon, une terrasse, tout d\u00e9pend du lieu o\u00f9 vous vivez). En l\u2019am\u00e9nageant un minimum, avec du mobilier et quelques accessoires, il est possible de le rendre encore plus agr\u00e9able, propice \u00e0 la relaxation. Et s\u2019il y a bien un meuble invitant au repos et au bien-\u00eatre, c\u2019est le <a href=\"https:\/\/www.basika.fr\/meuble-jardin.htm\">fauteuil suspendu<\/a>\u00a0! Cet \u00e9t\u00e9, il est d\u2019ailleurs incontournable. Il fait partie des produits \u00e0 la mode, que l\u2019on retrouve partout, alors pourquoi ne pas l\u2019adopter chez vous\u00a0? Et nous vous garantissons qu\u2019une fois que vous l\u2019aurez essay\u00e9, vous ne pourrez plus le quitter\u00a0!<\/p>\n<h2>Un meuble confortable et d\u00e9coratif invitant \u00e0 la d\u00e9tente<\/h2>\n<p>Fonctionnant un peu comme les balan\u00e7oires de notre enfance, le <strong>fauteuil suspendu<\/strong> permet de se balancer d\u00e9licatement. Un mouvement qui berce, qui aide \u00e0 trouver le sommeil. Donc n\u2019h\u00e9sitez pas \u00e0 ajouter des coussins pour le rendre encore plus cosy lors de vos siestes\u00a0! Ce si\u00e8ge est \u00e9galement parfait pour lire un bouquin ou un magazine, \u00e9couter de la musique, se pr\u00e9lasser, passer du temps avec sa moiti\u00e9 ou ses enfants. C\u2019est un excellent compagnon estival ! D\u2019autant qu\u2019il habille une terrasse, apporte une touche boh\u00e8me \u00e0 un jardin, tout en \u00e9tant un peu plus chic et enveloppant qu\u2019un hamac. Et puis, c\u2019est vraiment plaisant d\u2019\u00eatre en hauteur, cela donne l\u2019impression d\u2019\u00eatre perch\u00e9, dans un cocon.<\/p>\n<h2>O\u00f9 peut-on l\u2019installer\u00a0? Et quel mod\u00e8le choisir\u00a0?<\/h2>\n<p>Depuis que ce meuble est tendance, il est d\u00e9clin\u00e9 en de tr\u00e8s nombreux mod\u00e8les. Il en existe m\u00eame pour l\u2019int\u00e9rieur\u00a0! N\u00e9anmoins, c\u2019est en <strong>ext\u00e9rieur<\/strong> qu\u2019il trouve tout naturellement sa place. Quand il est sur pied, son installation est facilit\u00e9e puisqu\u2019il suffit de le poser sur un sol stable, tant une terrasse que de l\u2019herbe. Et s\u2019il est d\u00e9pourvu de pied, il est n\u00e9cessaire de le suspendre \u00e0 une branche ou \u00e0 une poutre via un crochet. Cela se fait assez simplement, souvent avec une perceuse. Mais avant de l\u2019accrocher, il est indispensable de v\u00e9rifier la solidit\u00e9 de la branche, ou de la poutre pour \u00e9viter des accidents. Le support sur lequel vous accrochez votre fauteuil suspendu doit \u00eatre robuste, r\u00e9sister \u00e0 son poids et au v\u00f4tre.<\/p>\n<p>Concernant le mod\u00e8le, vous avez l\u2019embarras du choix. En rotin, r\u00e9tro, en bois, en forme de balancelle, design, romantique, en tissu (comme une tente), en r\u00e9sine tress\u00e9e, en plastique \u2026 les styles et mat\u00e9riaux varient. Pour choisir le bon mobilier, le plus simple est de tenir compte de vos go\u00fbts, de l\u2019endroit o\u00f9 vous l\u2019installerez (donc renseignez-vous sur les dimensions et le syst\u00e8me de suspension) et de votre budget.<\/p>\n","protected":false},"excerpt":{"rendered":"<p>Quand il fait beau, passer du temps dehors devient une de nos pr\u00e9occupations majeures. Nous sommes nombreux \u00e0 envahir les terrasses des caf\u00e9s, des restaurants, \u00e0 profiter de la plage \u2026 Le jardin est \u00e9galement le lieu id\u00e9al pour profiter du soleil, de la chaleur (ou un balcon, une terrasse, tout d\u00e9pend du lieu o\u00f9<\/p>\n","protected":false},"author":1,"featured_media":0,"comment_status":"closed","ping_status":"closed","sticky":false,"template":"","format":"standard","meta":{"footnotes":""},"categories":[1],"tags":[],"class_list":["post-2096","post","type-post","status-publish","format-standard","hentry","category-non-classe"],"aioseo_notices":[],"amp_enabled":true,"_links":{"self":[{"href":"https:\/\/www.basika.fr\/blog\/wp-json\/wp\/v2\/posts\/2096","targetHints":{"allow":["GET"]}}],"collection":[{"href":"https:\/\/www.basika.fr\/blog\/wp-json\/wp\/v2\/posts"}],"about":[{"href":"https:\/\/www.basika.fr\/blog\/wp-json\/wp\/v2\/types\/post"}],"author":[{"embeddable":true,"href":"https:\/\/www.basika.fr\/blog\/wp-json\/wp\/v2\/users\/1"}],"replies":[{"embeddable":true,"href":"https:\/\/www.basika.fr\/blog\/wp-json\/wp\/v2\/comments?post=2096"}],"version-history":[{"count":1,"href":"https:\/\/www.basika.fr\/blog\/wp-json\/wp\/v2\/posts\/2096\/revisions"}],"predecessor-version":[{"id":2097,"href":"https:\/\/www.basika.fr\/blog\/wp-json\/wp\/v2\/posts\/2096\/revisions\/2097"}],"wp:attachment":[{"href":"https:\/\/www.basika.fr\/blog\/wp-json\/wp\/v2\/media?parent=2096"}],"wp:term":[{"taxonomy":"category","embeddable":true,"href":"https:\/\/www.basika.fr\/blog\/wp-json\/wp\/v2\/categories?post=2096"},{"taxonomy":"post_tag","embeddable":true,"href":"https:\/\/www.basika.fr\/blog\/wp-json\/wp\/v2\/tags?post=2096"}],"curies":[{"name":"wp","href":"https:\/\/api.w.org\/{rel}","templated":true}]}}