{"id":2101,"date":"2019-08-20T17:41:23","date_gmt":"2019-08-20T15:41:23","guid":{"rendered":"http:\/\/www.basika.fr\/blog\/?p=2101"},"modified":"2021-02-05T10:00:03","modified_gmt":"2021-02-05T09:00:03","slug":"cour-interieure-quelques-conseils-damenagement-et-de-deco-accessibles-a-tous","status":"publish","type":"post","link":"https:\/\/www.basika.fr\/blog\/cour-interieure-quelques-conseils-damenagement-et-de-deco-accessibles-a-tous\/","title":{"rendered":"Cour int\u00e9rieure : quelques conseils d\u2019am\u00e9nagement et de d\u00e9co accessibles \u00e0 tous"},"content":{"rendered":"<p>A d\u00e9faut d\u2019un <strong>jardin<\/strong>, vous avez une cour int\u00e9rieure\u00a0? C\u2019est tout aussi bien pour profiter des beaux jours\u00a0! En effet, cet espace peut ais\u00e9ment devenir un petit coin de paradis sans d\u00e9penser \u00e9norm\u00e9ment d\u2019argent ! Il faut simplement miser sur les bons meubles, soigner sa d\u00e9coration et son \u00e9clairage. L\u2019ajout de v\u00e9g\u00e9taux est \u00e9galement une solution pour lui donner une touche de verdure. D\u2019autant que vous pouvez faire pousser des fruits et des l\u00e9gumes dans des carr\u00e9s, des pots ou des jardini\u00e8res et ainsi, avoir un mini-potager. De m\u00eame, en am\u00e9nageant ce lieu, vous aurez davantage envie d\u2019y aller. Cela vous permet d\u2019avoir une pi\u00e8ce en plus pour le printemps et l\u2019\u00e9t\u00e9, o\u00f9 vous pouvez prendre vos repas, vous d\u00e9tendre, lire, faire du sport, bronzer, recevoir des proches \u2026etc.<\/p>\n<h2>Disposer des meubles d\u2019ext\u00e9rieur confortables<\/h2>\n<p><img loading=\"lazy\" decoding=\"async\" class=\"aligncenter wp-image-2104 size-full\" src=\"https:\/\/www.basika.fr\/blog\/wp-content\/uploads\/mobilier-cour-interieure.jpg\" alt=\"Des meubles de jardin en teck pour votre cour int\u00e9rieure !\" width=\"1200\" height=\"836\" srcset=\"https:\/\/www.basika.fr\/blog\/wp-content\/uploads\/mobilier-cour-interieure.jpg 1200w, https:\/\/www.basika.fr\/blog\/wp-content\/uploads\/mobilier-cour-interieure-300x209.jpg 300w, https:\/\/www.basika.fr\/blog\/wp-content\/uploads\/mobilier-cour-interieure-768x535.jpg 768w, https:\/\/www.basika.fr\/blog\/wp-content\/uploads\/mobilier-cour-interieure-1024x713.jpg 1024w\" sizes=\"auto, (max-width: 1200px) 100vw, 1200px\" \/><\/p>\n<p>Une <strong>cour int\u00e9rieure<\/strong>, quelle que soit sa superficie, peut \u00eatre am\u00e9nag\u00e9e. Il existe aujourd\u2019hui tellement de <a href=\"https:\/\/www.basika.fr\/meuble-jardin.htm\">mobilier de jardin<\/a> que vous pouvez trouver votre bonheur. Si vous avez un petit espace, tenez compte de vos besoins et de votre mode de vie. Si vous n\u2019aimez pas manger dehors, mieux vaut le meubler avec des transats, des chaises longues, un canap\u00e9 ou des fauteuils. A l\u2019inverse, si vous adorez organiser des repas en ext\u00e9rieur, installez une table et des chaises. Si vous avez de la place, vous pouvez m\u00e9langer les deux\u00a0: salon de jardin et meubles de d\u00e9tente. Pour les mat\u00e9riaux, vous avez le choix\u00a0: teck, rotin, r\u00e9sine tress\u00e9e ou plastique.<\/p>\n<p>Pensez aussi \u00e0 la d\u00e9coration avec des statuettes, de jolis cache-pots, des coussins, des poufs, des tapis et des bougies. Des accessoires esth\u00e9tiques, qui apportent plus de confort et personnalisent cet espace.<\/p>\n<h2>L\u2019\u00e9clairage, un d\u00e9tail important pour la rendre plus cosy<\/h2>\n<p>L\u2019id\u00e9e, en am\u00e9nageant une cour int\u00e9rieure, est de cr\u00e9er un lieu de vie convivial, o\u00f9 vous aurez plaisir \u00e0 vous retrouver. Apr\u00e8s avoir choisi vos meubles et votre <strong>d\u00e9coration<\/strong>, il est temps de penser \u00e0 l\u2019\u00e9clairage. Pour une ambiance encore plus chaleureuse, n\u2019h\u00e9sitez pas \u00e0 multiplier les sources de lumi\u00e8re. Nos coups de c\u0153ur\u00a0? Une ou plusieurs guirlandes lumineuses \u00e0 suspendre, des bougies, des lampions, des petites lampes pos\u00e9es au sol, des boules ou cubes lumineux, et de pr\u00e9f\u00e9rence solaires ou \u00e0 LED. Ainsi, le soir, vous aurez suffisamment d\u2019\u00e9clairage, que vous pourrez tamiser ou accentuer selon l\u2019effet recherch\u00e9. Alors n\u2019attendez plus, lancez-vous d\u00e8s maintenant dans l\u2019am\u00e9nagement de votre cour int\u00e9rieure\u00a0!<\/p>\n","protected":false},"excerpt":{"rendered":"<p>A d\u00e9faut d\u2019un jardin, vous avez une cour int\u00e9rieure\u00a0? C\u2019est tout aussi bien pour profiter des beaux jours\u00a0! En effet, cet espace peut ais\u00e9ment devenir un petit coin de paradis sans d\u00e9penser \u00e9norm\u00e9ment d\u2019argent ! Il faut simplement miser sur les bons meubles, soigner sa d\u00e9coration et son \u00e9clairage. L\u2019ajout de v\u00e9g\u00e9taux est \u00e9galement une<\/p>\n","protected":false},"author":1,"featured_media":0,"comment_status":"closed","ping_status":"closed","sticky":false,"template":"","format":"standard","meta":{"footnotes":""},"categories":[491],"tags":[],"class_list":["post-2101","post","type-post","status-publish","format-standard","hentry","category-nos-astuces"],"aioseo_notices":[],"amp_enabled":true,"_links":{"self":[{"href":"https:\/\/www.basika.fr\/blog\/wp-json\/wp\/v2\/posts\/2101","targetHints":{"allow":["GET"]}}],"collection":[{"href":"https:\/\/www.basika.fr\/blog\/wp-json\/wp\/v2\/posts"}],"about":[{"href":"https:\/\/www.basika.fr\/blog\/wp-json\/wp\/v2\/types\/post"}],"author":[{"embeddable":true,"href":"https:\/\/www.basika.fr\/blog\/wp-json\/wp\/v2\/users\/1"}],"replies":[{"embeddable":true,"href":"https:\/\/www.basika.fr\/blog\/wp-json\/wp\/v2\/comments?post=2101"}],"version-history":[{"count":3,"href":"https:\/\/www.basika.fr\/blog\/wp-json\/wp\/v2\/posts\/2101\/revisions"}],"predecessor-version":[{"id":2105,"href":"https:\/\/www.basika.fr\/blog\/wp-json\/wp\/v2\/posts\/2101\/revisions\/2105"}],"wp:attachment":[{"href":"https:\/\/www.basika.fr\/blog\/wp-json\/wp\/v2\/media?parent=2101"}],"wp:term":[{"taxonomy":"category","embeddable":true,"href":"https:\/\/www.basika.fr\/blog\/wp-json\/wp\/v2\/categories?post=2101"},{"taxonomy":"post_tag","embeddable":true,"href":"https:\/\/www.basika.fr\/blog\/wp-json\/wp\/v2\/tags?post=2101"}],"curies":[{"name":"wp","href":"https:\/\/api.w.org\/{rel}","templated":true}]}}