{"id":2131,"date":"2019-09-30T10:56:11","date_gmt":"2019-09-30T08:56:11","guid":{"rendered":"http:\/\/www.basika.fr\/blog\/?p=2131"},"modified":"2019-09-30T10:56:11","modified_gmt":"2019-09-30T08:56:11","slug":"la-deco-du-sud-de-la-france-une-tendance-tres-en-vogue-ces-derniers-mois","status":"publish","type":"post","link":"https:\/\/www.basika.fr\/blog\/la-deco-du-sud-de-la-france-une-tendance-tres-en-vogue-ces-derniers-mois\/","title":{"rendered":"La d\u00e9co du Sud de la France, une tendance tr\u00e8s en vogue ces derniers mois !"},"content":{"rendered":"<p>Depuis quelques mois, des adresses parisiennes se mettent \u00e0 l\u2019heure proven\u00e7ale. En effet, plusieurs \u00e9tablissements ont \u00e9t\u00e9 r\u00e9nov\u00e9s ou d\u00e9cor\u00e9s dans un style qui s\u2019inspire fortement du <strong>Sud de la France<\/strong>. Et cet engouement influence aussi la d\u00e9coration des int\u00e9rieurs de boutiques et des particuliers, qui n\u2019h\u00e9sitent plus \u00e0 multiplier les r\u00e9f\u00e9rences \u00e0 cette r\u00e9gion ensoleill\u00e9e. N\u00e9anmoins, cette tendance s\u2019\u00e9loigne du style d\u00e9coratif proven\u00e7al clich\u00e9. En d\u2019autres termes, on est loin des classiques motifs d\u2019olives, de cigales et de brins de lavande. Elle s\u2019est modernis\u00e9e et c\u2019est sans doute cela qui pla\u00eet autant. De plus, elle apporte de la chaleur, de la gaiet\u00e9 et une touche d\u2019authenticit\u00e9. En somme, elle est parfaite pour la saison automnale qui commence\u00a0!<\/p>\n<h2>Quand l\u2019esprit de la Provence s\u2019empare de nombreux d\u00e9corateurs<\/h2>\n<p><img loading=\"lazy\" decoding=\"async\" class=\"aligncenter wp-image-2132 size-full\" src=\"https:\/\/www.basika.fr\/blog\/wp-content\/uploads\/sejour-style-provencal.jpg\" alt=\"Une salle \u00e0 manger style proven\u00e7al !\" width=\"1920\" height=\"1139\" srcset=\"https:\/\/www.basika.fr\/blog\/wp-content\/uploads\/sejour-style-provencal.jpg 1920w, https:\/\/www.basika.fr\/blog\/wp-content\/uploads\/sejour-style-provencal-300x178.jpg 300w, https:\/\/www.basika.fr\/blog\/wp-content\/uploads\/sejour-style-provencal-768x456.jpg 768w, https:\/\/www.basika.fr\/blog\/wp-content\/uploads\/sejour-style-provencal-1024x607.jpg 1024w\" sizes=\"auto, (max-width: 1920px) 100vw, 1920px\" \/><\/p>\n<p>Ces derniers temps, ce sont les \u00e9tablissements parisiens qui donnent la tendance en mati\u00e8re de <strong>d\u00e9coration<\/strong>. Dans la capitale, de grands d\u00e9corateurs et architectes ont cherch\u00e9 de l\u2019inspiration du c\u00f4t\u00e9 du Sud de la France et de la Provence. Concr\u00e8tement, cela se traduit par des pi\u00e8ces et des objets qui cr\u00e9ent une ambiance conviviale et chic invitant au farniente. Par exemple, des suspensions tress\u00e9es, des tabourets en osier ou rotin, des zelliges, de la peinture d\u00e9lav\u00e9e sur les murs avec des teintes ocre et terre cuite, des plantes dans des pots en terre, des carreaux de ciment au sol et des tables en bois. Des lieux qui \u00e9voquent les mas proven\u00e7aux et qui font voyager \u2026 sans quitter Paris\u00a0! Et la bonne nouvelle est que ce style d\u00e9coratif peut \u00eatre facilement adopt\u00e9 dans une maison ou un appartement.<\/p>\n<h2>Un style de d\u00e9coration m\u00ealant mati\u00e8res naturelles et raffinement<\/h2>\n<p>Aujourd\u2019hui, la d\u00e9co du Sud de la France, et de la Provence plus pr\u00e9cis\u00e9ment, est d\u00e9pourvue de ses clich\u00e9s que l\u2019on retrouve sur les produits touristiques, tels les cigales, les brins de lavande et les olives. Elle est \u00e9pur\u00e9e, plus \u00e9l\u00e9gante et bien plus chaleureuse. Et surtout, elle s\u2019av\u00e8re ind\u00e9modable puisqu\u2019elle mise sur des mat\u00e9riaux naturels, qui vieillissent bien dans le temps, que l\u2019on peut donc garder sur le long terme. Ce style se caract\u00e9rise par des meubles de qualit\u00e9, souvent en bois, avec des couleurs claires et avec des courbes. Pour les imprim\u00e9s, on retrouve principalement des fleurs et des rayures. Pour les couleurs, plusieurs teintes sont privil\u00e9gi\u00e9es dont l\u2019ocre, le jaune safran ou paille, le rouge orang\u00e9, du bleu lavande et le vert tendre. Des coloris que vous pouvez mettre aussi bien dans une cuisine qu\u2019un s\u00e9jour, une <a href=\"https:\/\/www.basika.fr\/meuble-salle-a-manger-complete.htm\">salle \u00e0 manger<\/a>, une entr\u00e9e, une chambre ou une salle de bain. Et si vous n\u2019avez pas envie de refaire toute votre d\u00e9coration int\u00e9rieure, il vous suffit de jouer sur des d\u00e9tails comme du linge de maison, des coussins, des objets, de la vaisselle et du petit mobilier. Alors, si vous voulez rester \u00e0 l\u2019heure d\u2019\u00e9t\u00e9 malgr\u00e9 l\u2019arriv\u00e9e de l\u2019automne, n\u2019h\u00e9sitez pas \u00e0 adopter le <strong>style proven\u00e7al<\/strong>\u00a0!<\/p>\n","protected":false},"excerpt":{"rendered":"<p>Depuis quelques mois, des adresses parisiennes se mettent \u00e0 l\u2019heure proven\u00e7ale. En effet, plusieurs \u00e9tablissements ont \u00e9t\u00e9 r\u00e9nov\u00e9s ou d\u00e9cor\u00e9s dans un style qui s\u2019inspire fortement du Sud de la France. Et cet engouement influence aussi la d\u00e9coration des int\u00e9rieurs de boutiques et des particuliers, qui n\u2019h\u00e9sitent plus \u00e0 multiplier les r\u00e9f\u00e9rences \u00e0 cette r\u00e9gion<\/p>\n","protected":false},"author":1,"featured_media":0,"comment_status":"closed","ping_status":"closed","sticky":false,"template":"","format":"standard","meta":{"footnotes":""},"categories":[1],"tags":[],"class_list":["post-2131","post","type-post","status-publish","format-standard","hentry","category-non-classe"],"aioseo_notices":[],"amp_enabled":true,"_links":{"self":[{"href":"https:\/\/www.basika.fr\/blog\/wp-json\/wp\/v2\/posts\/2131","targetHints":{"allow":["GET"]}}],"collection":[{"href":"https:\/\/www.basika.fr\/blog\/wp-json\/wp\/v2\/posts"}],"about":[{"href":"https:\/\/www.basika.fr\/blog\/wp-json\/wp\/v2\/types\/post"}],"author":[{"embeddable":true,"href":"https:\/\/www.basika.fr\/blog\/wp-json\/wp\/v2\/users\/1"}],"replies":[{"embeddable":true,"href":"https:\/\/www.basika.fr\/blog\/wp-json\/wp\/v2\/comments?post=2131"}],"version-history":[{"count":1,"href":"https:\/\/www.basika.fr\/blog\/wp-json\/wp\/v2\/posts\/2131\/revisions"}],"predecessor-version":[{"id":2133,"href":"https:\/\/www.basika.fr\/blog\/wp-json\/wp\/v2\/posts\/2131\/revisions\/2133"}],"wp:attachment":[{"href":"https:\/\/www.basika.fr\/blog\/wp-json\/wp\/v2\/media?parent=2131"}],"wp:term":[{"taxonomy":"category","embeddable":true,"href":"https:\/\/www.basika.fr\/blog\/wp-json\/wp\/v2\/categories?post=2131"},{"taxonomy":"post_tag","embeddable":true,"href":"https:\/\/www.basika.fr\/blog\/wp-json\/wp\/v2\/tags?post=2131"}],"curies":[{"name":"wp","href":"https:\/\/api.w.org\/{rel}","templated":true}]}}