{"id":2144,"date":"2019-10-24T15:25:32","date_gmt":"2019-10-24T13:25:32","guid":{"rendered":"http:\/\/www.basika.fr\/blog\/?p=2144"},"modified":"2019-10-24T15:25:32","modified_gmt":"2019-10-24T13:25:32","slug":"quelles-sont-les-tendances-fortes-en-decoration-pour-la-saison-automnale-2019","status":"publish","type":"post","link":"https:\/\/www.basika.fr\/blog\/quelles-sont-les-tendances-fortes-en-decoration-pour-la-saison-automnale-2019\/","title":{"rendered":"Quelles sont les tendances fortes en d\u00e9coration pour la saison automnale 2019\u00a0?"},"content":{"rendered":"<p>Aujourd\u2019hui, la <strong>d\u00e9coration<\/strong> suit un sch\u00e9ma similaire \u00e0 la mode\u00a0: \u00e0 chaque saison, de nouvelles tendances apparaissent et s\u2019imposent dans nos int\u00e9rieurs. Et l\u2019automne 2019 n\u2019\u00e9chappe pas \u00e0 cette r\u00e8gle. Ainsi, cette saison, plusieurs tendances \u00e9mergent et se retrouvent un peu partout, tant dans les boutiques que dans les magazines ou sur les blogs. Etant assez diverses, nous n\u2019allons pas toutes les citer et les d\u00e9tailler. Nous avons plut\u00f4t d\u00e9cid\u00e9 de vous pr\u00e9senter nos coups de c\u0153ur et vous donner quelques pistes pour les adopter chez vous. Des fleurs au velours en passant par les coloris chauds et chaleureux, il y en a pour tous les styles et toutes les envies.<\/p>\n<h2>Les mati\u00e8res naturelles et cosy, des incontournables<\/h2>\n<p><img loading=\"lazy\" decoding=\"async\" class=\"aligncenter wp-image-2145 size-full\" src=\"https:\/\/www.basika.fr\/blog\/wp-content\/uploads\/tendance-deco-automne-2019.jpg\" alt=\"Les nouvelles couleurs tendance de cet automne 2019 !\" width=\"1920\" height=\"1076\" srcset=\"https:\/\/www.basika.fr\/blog\/wp-content\/uploads\/tendance-deco-automne-2019.jpg 1920w, https:\/\/www.basika.fr\/blog\/wp-content\/uploads\/tendance-deco-automne-2019-300x168.jpg 300w, https:\/\/www.basika.fr\/blog\/wp-content\/uploads\/tendance-deco-automne-2019-768x430.jpg 768w, https:\/\/www.basika.fr\/blog\/wp-content\/uploads\/tendance-deco-automne-2019-1024x574.jpg 1024w\" sizes=\"auto, (max-width: 1920px) 100vw, 1920px\" \/><\/p>\n<p>En cet <strong>automne 2019<\/strong>, la nature est toujours \u00e0 l\u2019honneur, notamment au niveau des mat\u00e9riaux. On privil\u00e9gie donc le lin pour le textile, le rotin, le cannage, l\u2019osier et le bambou pour le mobilier et les objets de d\u00e9co. Et pour apporter de la lumi\u00e8re, de la chaleur, on mise sur du m\u00e9tal dor\u00e9 comme du cuivre ou du laiton, en petites touches (une lampe avec un pied couleur or, une table basse avec un contour dor\u00e9 ou des pieds cuivr\u00e9s, un luminaire \u2026etc.). Les mati\u00e8res douillettes font \u00e9galement leur grand retour, avec en premi\u00e8re ligne le velours qui est tr\u00e8s r\u00e9confortant. D\u2019autant que ce dernier poss\u00e8de un c\u00f4t\u00e9 luxueux et se d\u00e9cline dans de nombreux coloris. Vous retrouvez des canap\u00e9s, fauteuils, poufs, rideaux ou encore coussins en velours, que l\u2019on peut ais\u00e9ment int\u00e9grer dans une pi\u00e8ce.<\/p>\n<h2>Les teintes chaudes et les fleurs envahissent les int\u00e9rieurs<\/h2>\n<p>Deux autres <strong>tendances<\/strong> sortent du lot cet automne et nous plaisent \u00e9norm\u00e9ment car elles se mettent facilement en place. Il y a les fleurs tout d\u2019abord. Qu\u2019elles soient d\u2019inspiration romantique ou plus baroque, elles sont partout\u00a0: sur du papier peint, des textiles, des cadres, des objets, des appliques \u2026etc. Si vous aimez les bouquets, n\u2019h\u00e9sitez pas \u00e0 craquer pour des bouquets de fleurs s\u00e9ch\u00e9es \u00e0 pr\u00e9senter dans de jolis vases. Dans un salon, une entr\u00e9e ou un bureau, ils donnent une note champ\u00eatre tr\u00e8s agr\u00e9able \u00e0 cette p\u00e9riode de l\u2019ann\u00e9e. Puis, nous vous conseillons aussi de vous laisser tenter par les couleurs chaudes pour votre d\u00e9coration int\u00e9rieure. Auburn, rouge (carmin ou brique par ex), rose fonc\u00e9, orang\u00e9, pourpre \u2026 autant de nuances qui r\u00e9chauffent imm\u00e9diatement l\u2019atmosph\u00e8re, qui sont voluptueuses et permettent de passer en douceur du climat estival \u00e0 une p\u00e9riode plus fra\u00eeche et hivernale\u00a0!<\/p>\n","protected":false},"excerpt":{"rendered":"<p>Aujourd\u2019hui, la d\u00e9coration suit un sch\u00e9ma similaire \u00e0 la mode\u00a0: \u00e0 chaque saison, de nouvelles tendances apparaissent et s\u2019imposent dans nos int\u00e9rieurs. Et l\u2019automne 2019 n\u2019\u00e9chappe pas \u00e0 cette r\u00e8gle. Ainsi, cette saison, plusieurs tendances \u00e9mergent et se retrouvent un peu partout, tant dans les boutiques que dans les magazines ou sur les blogs. Etant<\/p>\n","protected":false},"author":1,"featured_media":0,"comment_status":"closed","ping_status":"closed","sticky":false,"template":"","format":"standard","meta":{"footnotes":""},"categories":[1],"tags":[],"class_list":["post-2144","post","type-post","status-publish","format-standard","hentry","category-non-classe"],"aioseo_notices":[],"amp_enabled":true,"_links":{"self":[{"href":"https:\/\/www.basika.fr\/blog\/wp-json\/wp\/v2\/posts\/2144","targetHints":{"allow":["GET"]}}],"collection":[{"href":"https:\/\/www.basika.fr\/blog\/wp-json\/wp\/v2\/posts"}],"about":[{"href":"https:\/\/www.basika.fr\/blog\/wp-json\/wp\/v2\/types\/post"}],"author":[{"embeddable":true,"href":"https:\/\/www.basika.fr\/blog\/wp-json\/wp\/v2\/users\/1"}],"replies":[{"embeddable":true,"href":"https:\/\/www.basika.fr\/blog\/wp-json\/wp\/v2\/comments?post=2144"}],"version-history":[{"count":1,"href":"https:\/\/www.basika.fr\/blog\/wp-json\/wp\/v2\/posts\/2144\/revisions"}],"predecessor-version":[{"id":2146,"href":"https:\/\/www.basika.fr\/blog\/wp-json\/wp\/v2\/posts\/2144\/revisions\/2146"}],"wp:attachment":[{"href":"https:\/\/www.basika.fr\/blog\/wp-json\/wp\/v2\/media?parent=2144"}],"wp:term":[{"taxonomy":"category","embeddable":true,"href":"https:\/\/www.basika.fr\/blog\/wp-json\/wp\/v2\/categories?post=2144"},{"taxonomy":"post_tag","embeddable":true,"href":"https:\/\/www.basika.fr\/blog\/wp-json\/wp\/v2\/tags?post=2144"}],"curies":[{"name":"wp","href":"https:\/\/api.w.org\/{rel}","templated":true}]}}