{"id":2162,"date":"2019-12-16T11:13:21","date_gmt":"2019-12-16T10:13:21","guid":{"rendered":"http:\/\/www.basika.fr\/blog\/?p=2162"},"modified":"2019-12-16T11:13:21","modified_gmt":"2019-12-16T10:13:21","slug":"salon-bas-de-plafond-nos-conseils-pour-bien-lamenager-et-le-rendre-agreable-a-vivre","status":"publish","type":"post","link":"https:\/\/www.basika.fr\/blog\/salon-bas-de-plafond-nos-conseils-pour-bien-lamenager-et-le-rendre-agreable-a-vivre\/","title":{"rendered":"Salon bas de plafond : nos conseils pour bien l\u2019am\u00e9nager et le rendre agr\u00e9able \u00e0 vivre"},"content":{"rendered":"<p>L\u2019am\u00e9nagement d\u2019une pi\u00e8ce basse de <strong>plafond<\/strong> n\u2019est pas toujours \u00e9vident, surtout lorsqu\u2019il s\u2019agit du <a href=\"https:\/\/www.basika.fr\/meuble-salons.htm\">salon<\/a> qui est le lieu o\u00f9 l\u2019on aime se retrouver en famille, entre amis, se d\u00e9tendre. Et souvent, on a envie d\u2019en faire un cocon avec des meubles confortables et une d\u00e9coration chaleureuse. Seulement, lorsque la hauteur sous plafond n\u2019est pas bien \u00e9lev\u00e9e, il faut faire des choix et \u00e9viter d\u2019encombrer la pi\u00e8ce. Il est donc important de mettre en valeur l\u2019espace existant tout en choisissant le bon mobilier. Et finalement, ce n\u2019est pas si compliqu\u00e9. Pour vous aider, notre \u00e9quipe partage avec vous quelques astuces faciles \u00e0 mettre en place.<\/p>\n<h2>Privil\u00e9gier des meubles bas ou \u00e0 mi-hauteur<\/h2>\n<p><img loading=\"lazy\" decoding=\"async\" class=\"aligncenter wp-image-2163 size-full\" src=\"https:\/\/www.basika.fr\/blog\/wp-content\/uploads\/salon-bas-plafond-decoration.jpg\" alt=\"Une d\u00e9coration lumineuse dans un salon bas de plafond !\" width=\"1684\" height=\"1049\" srcset=\"https:\/\/www.basika.fr\/blog\/wp-content\/uploads\/salon-bas-plafond-decoration.jpg 1684w, https:\/\/www.basika.fr\/blog\/wp-content\/uploads\/salon-bas-plafond-decoration-300x187.jpg 300w, https:\/\/www.basika.fr\/blog\/wp-content\/uploads\/salon-bas-plafond-decoration-768x478.jpg 768w, https:\/\/www.basika.fr\/blog\/wp-content\/uploads\/salon-bas-plafond-decoration-1024x638.jpg 1024w\" sizes=\"auto, (max-width: 1684px) 100vw, 1684px\" \/><\/p>\n<p>Le risque, lorsqu\u2019on am\u00e9nage un <strong>salon<\/strong> bas de plafond, est de l\u2019encombrer et ainsi, de cr\u00e9er une sensation d\u2019\u00e9touffement. Pour \u00e9viter cela, il faut donc opter pour du mobilier adapt\u00e9 \u00e0 un tel espace. Pour ouvrir les perspectives, il est donc conseill\u00e9 d\u2019installer des meubles bas ou \u00e0 mi-hauteur, aux lignes \u00e9pur\u00e9es, fines. N\u00e9anmoins, tous ne doivent pas \u00eatre \u00e0 la m\u00eame hauteur, certains peuvent \u00eatre plus hauts afin de cr\u00e9er du dynamisme. Dans ce cas, pr\u00e9f\u00e9rez des meubles \u00e9troits car s\u2019ils sont massifs, cela sera \u00e9touffant. De m\u00eame, il vaut mieux ne pas s\u00e9parer votre salon avec des cloisons. L\u2019utilisation de s\u00e9parateurs est plus judicieuse.<\/p>\n<h2>Jouer sur la lumi\u00e8re et les couleurs pour cr\u00e9er une impression d\u2019espace<\/h2>\n<p>Pour pallier \u00e0 un manque de hauteur, il est indispensable de laisser passer la lumi\u00e8re. M\u00eame s\u2019il est bas de plafond, votre salon doit \u00eatre lumineux pour \u00eatre agr\u00e9able. Donc n\u2019h\u00e9sitez pas \u00e0 disposer des luminaires dans la pi\u00e8ce, de pr\u00e9f\u00e9rence diffusant une lumi\u00e8re vers le haut, comme le fait une lampe sur pied par exemple. En revanche, les lustres sont d\u00e9conseill\u00e9s. A la place, installez des \u00e9clairages encastr\u00e9s, des spots ou des appliques murales orient\u00e9es vers le plafond.<\/p>\n<p>Il faut aussi faire attention aux couleurs que vous mettez dans la pi\u00e8ce. Si le blanc est id\u00e9al, ce n\u2019est pas le seul coloris adapt\u00e9 \u00e0 ce type d\u2019espace. Vous pouvez vous tourner vers des teintes douces, sobres comme du gris, du beige, du blanc ros\u00e9, de l\u2019\u00e9cru, du rose p\u00e2le, du bleu ou vert pastel. Des couleurs claires et naturelles en somme, qui sont lumineuses. Si vous aimez les coloris plus vifs, r\u00e9servez-les \u00e0 votre <strong>d\u00e9coration<\/strong> mais en y allant par petites touches. En outre, limitez les motifs et imprim\u00e9s qui ont tendance \u00e0 surcharger visuellement un espace.<\/p>\n","protected":false},"excerpt":{"rendered":"<p>L\u2019am\u00e9nagement d\u2019une pi\u00e8ce basse de plafond n\u2019est pas toujours \u00e9vident, surtout lorsqu\u2019il s\u2019agit du salon qui est le lieu o\u00f9 l\u2019on aime se retrouver en famille, entre amis, se d\u00e9tendre. Et souvent, on a envie d\u2019en faire un cocon avec des meubles confortables et une d\u00e9coration chaleureuse. Seulement, lorsque la hauteur sous plafond n\u2019est pas<\/p>\n","protected":false},"author":1,"featured_media":0,"comment_status":"closed","ping_status":"closed","sticky":false,"template":"","format":"standard","meta":{"footnotes":""},"categories":[1],"tags":[],"class_list":["post-2162","post","type-post","status-publish","format-standard","hentry","category-non-classe"],"aioseo_notices":[],"amp_enabled":true,"_links":{"self":[{"href":"https:\/\/www.basika.fr\/blog\/wp-json\/wp\/v2\/posts\/2162","targetHints":{"allow":["GET"]}}],"collection":[{"href":"https:\/\/www.basika.fr\/blog\/wp-json\/wp\/v2\/posts"}],"about":[{"href":"https:\/\/www.basika.fr\/blog\/wp-json\/wp\/v2\/types\/post"}],"author":[{"embeddable":true,"href":"https:\/\/www.basika.fr\/blog\/wp-json\/wp\/v2\/users\/1"}],"replies":[{"embeddable":true,"href":"https:\/\/www.basika.fr\/blog\/wp-json\/wp\/v2\/comments?post=2162"}],"version-history":[{"count":1,"href":"https:\/\/www.basika.fr\/blog\/wp-json\/wp\/v2\/posts\/2162\/revisions"}],"predecessor-version":[{"id":2164,"href":"https:\/\/www.basika.fr\/blog\/wp-json\/wp\/v2\/posts\/2162\/revisions\/2164"}],"wp:attachment":[{"href":"https:\/\/www.basika.fr\/blog\/wp-json\/wp\/v2\/media?parent=2162"}],"wp:term":[{"taxonomy":"category","embeddable":true,"href":"https:\/\/www.basika.fr\/blog\/wp-json\/wp\/v2\/categories?post=2162"},{"taxonomy":"post_tag","embeddable":true,"href":"https:\/\/www.basika.fr\/blog\/wp-json\/wp\/v2\/tags?post=2162"}],"curies":[{"name":"wp","href":"https:\/\/api.w.org\/{rel}","templated":true}]}}