{"id":2214,"date":"2020-02-20T09:35:38","date_gmt":"2020-02-20T08:35:38","guid":{"rendered":"http:\/\/www.basika.fr\/blog\/?p=2214"},"modified":"2020-11-20T14:21:26","modified_gmt":"2020-11-20T13:21:26","slug":"comment-le-formica-est-devenu-en-quelques-annees-un-materiau-intemporel","status":"publish","type":"post","link":"https:\/\/www.basika.fr\/blog\/comment-le-formica-est-devenu-en-quelques-annees-un-materiau-intemporel\/","title":{"rendered":"Comment le Formica est devenu en quelques ann\u00e9es un mat\u00e9riau intemporel ?"},"content":{"rendered":"<p>Depuis quelques ann\u00e9es maintenant, le <strong>Formica<\/strong> fait son grand retour dans nos int\u00e9rieurs. Au d\u00e9part, on pensait cet engouement \u00e9ph\u00e9m\u00e8re, sans doute d\u00fb \u00e0 la mode du vintage. Et pourtant, force est de constater qu\u2019il dure. Longtemps jug\u00e9 ringard, il a pris sa revanche et s\u2019av\u00e8re aujourd\u2019hui intemporel. Pourtant, ce n\u2019\u00e9tait pas gagn\u00e9. En effet, apr\u00e8s avoir connu son heure de gloire dans les ann\u00e9es 60, il devient compl\u00e8tement d\u00e9mod\u00e9 dans les 80\u2019s. Rares \u00e9taient ceux \u00e0 miser sur son \u00e9ventuel retour \u2026 mais ils ont eu raison d\u2019y croire puisque d\u00e9sormais, ce mat\u00e9riau est tr\u00e8s recherch\u00e9 et pas uniquement par les amateurs de d\u00e9co r\u00e9tro. Il trouve m\u00eame sa place dans les int\u00e9rieurs modernes et design.<\/p>\n<h2>Un mat\u00e9riau vintage, r\u00e9sistant et peu on\u00e9reux<\/h2>\n<p><img loading=\"lazy\" decoding=\"async\" class=\"aligncenter wp-image-2216 size-full\" src=\"https:\/\/www.basika.fr\/blog\/wp-content\/uploads\/decoration-meuble-formica.jpg\" alt=\"Le grand retour du Formica dans notre int\u00e9rieur !\" width=\"1379\" height=\"919\" srcset=\"https:\/\/www.basika.fr\/blog\/wp-content\/uploads\/decoration-meuble-formica.jpg 1379w, https:\/\/www.basika.fr\/blog\/wp-content\/uploads\/decoration-meuble-formica-300x200.jpg 300w, https:\/\/www.basika.fr\/blog\/wp-content\/uploads\/decoration-meuble-formica-768x512.jpg 768w, https:\/\/www.basika.fr\/blog\/wp-content\/uploads\/decoration-meuble-formica-1024x682.jpg 1024w\" sizes=\"auto, (max-width: 1379px) 100vw, 1379px\" \/><\/p>\n<p>On pense souvent que le Formica a \u00e9t\u00e9 invent\u00e9 apr\u00e8s la Seconde Guerre mondiale. Or son origine est plus ancienne puisqu\u2019il est n\u00e9 en 1913 aux Etats-Unis. A l\u2019\u00e9poque, le but de ce stratifi\u00e9 \u00e9tait d\u2019isoler les appareils \u00e9lectriques. C\u2019est surtout au cours de la Seconde Guerre mondiale et apr\u00e8s qu\u2019il a \u00e9t\u00e9 tr\u00e8s utilis\u00e9 pour la fabrication de meubles. En Europe, il fait ses d\u00e9buts en 1946. D\u00e9clin\u00e9 en de nombreux coloris, il s\u00e9duit les familles. Peu co\u00fbteux, solide, facile \u00e0 entretenir et d\u00e9coratif, les raisons de son succ\u00e8s sont nombreuses. Et les particuliers ne sont pas les seuls \u00e0 l\u2019appr\u00e9cier (surtout dans les cuisines d\u2019ailleurs), car les restaurants et les h\u00f4tels le choisissent \u00e9galement pour leurs comptoirs. Dans les 80\u2019s, sa cote chute consid\u00e9rablement \u2026 jusqu\u2019\u00e0 la mode du vintage qui le remet sur le devant de la sc\u00e8ne. Il redevient donc <strong>tendance<\/strong> d\u2019autant qu\u2019il se marie parfaitement avec une d\u00e9coration plus contemporaine.<\/p>\n<h2>Les meubles qui sont aujourd\u2019hui des valeurs s\u00fbres<\/h2>\n<p>Si vous avez envie d\u2019ajouter une touche de Formica chez vous, nous vous conseillons de miser sur du mobilier ind\u00e9modable. Id\u00e9alement, mieux vaut \u00e9viter d\u2019en mettre partout, dans toutes les pi\u00e8ces. Vous risqueriez de vous en lasser un jour. En pr\u00e9f\u00e9rant des petites touches par-ci, par-l\u00e0, vous apportez \u00e0 votre <strong>d\u00e9coration<\/strong> une note r\u00e9tro et ludique. Parmi les meubles incontournables, vous retrouvez la <a href=\"https:\/\/www.basika.fr\/meuble-tables-de-cuisine.htm\">table de cuisine<\/a> (que l\u2019on peut \u00e9galement mettre dans la salle \u00e0 manger si elle est assez grande), les chaises, le buffet, la <a href=\"https:\/\/www.basika.fr\/table-basse-pas-cher.htm\">table basse<\/a>, le bureau, la desserte et le porte-plantes. Et pour les accessoires, s\u2019il ne fallait en retenir qu\u2019un seul, ce serait l\u2019horloge murale.<\/p>\n","protected":false},"excerpt":{"rendered":"<p>Depuis quelques ann\u00e9es maintenant, le Formica fait son grand retour dans nos int\u00e9rieurs. Au d\u00e9part, on pensait cet engouement \u00e9ph\u00e9m\u00e8re, sans doute d\u00fb \u00e0 la mode du vintage. Et pourtant, force est de constater qu\u2019il dure. Longtemps jug\u00e9 ringard, il a pris sa revanche et s\u2019av\u00e8re aujourd\u2019hui intemporel. Pourtant, ce n\u2019\u00e9tait pas gagn\u00e9. En effet,<\/p>\n","protected":false},"author":1,"featured_media":0,"comment_status":"closed","ping_status":"closed","sticky":false,"template":"","format":"standard","meta":{"footnotes":""},"categories":[490],"tags":[],"class_list":["post-2214","post","type-post","status-publish","format-standard","hentry","category-tendances-deco"],"aioseo_notices":[],"amp_enabled":true,"_links":{"self":[{"href":"https:\/\/www.basika.fr\/blog\/wp-json\/wp\/v2\/posts\/2214","targetHints":{"allow":["GET"]}}],"collection":[{"href":"https:\/\/www.basika.fr\/blog\/wp-json\/wp\/v2\/posts"}],"about":[{"href":"https:\/\/www.basika.fr\/blog\/wp-json\/wp\/v2\/types\/post"}],"author":[{"embeddable":true,"href":"https:\/\/www.basika.fr\/blog\/wp-json\/wp\/v2\/users\/1"}],"replies":[{"embeddable":true,"href":"https:\/\/www.basika.fr\/blog\/wp-json\/wp\/v2\/comments?post=2214"}],"version-history":[{"count":3,"href":"https:\/\/www.basika.fr\/blog\/wp-json\/wp\/v2\/posts\/2214\/revisions"}],"predecessor-version":[{"id":2218,"href":"https:\/\/www.basika.fr\/blog\/wp-json\/wp\/v2\/posts\/2214\/revisions\/2218"}],"wp:attachment":[{"href":"https:\/\/www.basika.fr\/blog\/wp-json\/wp\/v2\/media?parent=2214"}],"wp:term":[{"taxonomy":"category","embeddable":true,"href":"https:\/\/www.basika.fr\/blog\/wp-json\/wp\/v2\/categories?post=2214"},{"taxonomy":"post_tag","embeddable":true,"href":"https:\/\/www.basika.fr\/blog\/wp-json\/wp\/v2\/tags?post=2214"}],"curies":[{"name":"wp","href":"https:\/\/api.w.org\/{rel}","templated":true}]}}