{"id":2227,"date":"2020-03-10T14:39:04","date_gmt":"2020-03-10T13:39:04","guid":{"rendered":"http:\/\/www.basika.fr\/blog\/?p=2227"},"modified":"2020-09-09T11:59:06","modified_gmt":"2020-09-09T09:59:06","slug":"velours-et-dore-lassociation-ideale-pour-une-decoration-elegante-et-chaleureuse","status":"publish","type":"post","link":"https:\/\/www.basika.fr\/blog\/velours-et-dore-lassociation-ideale-pour-une-decoration-elegante-et-chaleureuse\/","title":{"rendered":"Velours et dor\u00e9, l\u2019association id\u00e9ale pour une d\u00e9coration \u00e9l\u00e9gante et chaleureuse"},"content":{"rendered":"<p>Pendant de nombreuses ann\u00e9es, la d\u00e9co \u00e9pur\u00e9e \u00e9tait \u00e0 la mode. Les int\u00e9rieurs se paraient de blanc, de gris et les meubles aux lignes design, ultra modernes \u00e9taient incontournables. Un style qui pla\u00eet toujours mais, qui peut sembler froid, peu accueillant. C\u2019est pourquoi, ces derniers mois, les d\u00e9corations plus chaleureuses ont le vent en poupe. Les tendances sont vari\u00e9es et parmi elles, il y en a une que nous aimons tout particuli\u00e8rement\u00a0: le m\u00e9lange du <strong>velours<\/strong> et du dor\u00e9. En effet, nous trouvons que cette association apporte de l\u2019\u00e9l\u00e9gance \u00e0 une pi\u00e8ce, du caract\u00e8re. Loin d\u2019\u00eatre r\u00e9serv\u00e9e \u00e0 l\u2019automne et \u00e0 l\u2019hiver, elle invite \u00e0 la d\u00e9tente et permet de cr\u00e9er un v\u00e9ritable cocon de douceur.<\/p>\n<h2>Une mati\u00e8re noble sublim\u00e9e par des notes de brillance<\/h2>\n<div id=\"attachment_2236\" style=\"width: 490px\" class=\"wp-caption aligncenter\"><img loading=\"lazy\" decoding=\"async\" aria-describedby=\"caption-attachment-2236\" class=\"wp-image-2236 size-full\" src=\"https:\/\/www.basika.fr\/blog\/wp-content\/uploads\/decoration-velours-dore-2.jpg\" alt=\"Une d\u00e9coration tendance velours et dor\u00e9 !\" width=\"480\" height=\"320\" srcset=\"https:\/\/www.basika.fr\/blog\/wp-content\/uploads\/decoration-velours-dore-2.jpg 480w, https:\/\/www.basika.fr\/blog\/wp-content\/uploads\/decoration-velours-dore-2-300x200.jpg 300w\" sizes=\"auto, (max-width: 480px) 100vw, 480px\" \/><p id=\"caption-attachment-2236\" class=\"wp-caption-text\">Followtheflow<\/p><\/div>\n<p>Le velours est un tissu doux, moelleux, qui invite \u00e0 la d\u00e9tente. Sur un canap\u00e9, un <a href=\"https:\/\/www.basika.fr\/meuble-fauteuils-poufs.htm\">fauteuil<\/a>, il donne imm\u00e9diatement envie de s\u2019y installer. D\u00e9clin\u00e9 en divers coloris, du vert bouteille au jaune moutarde en passant par le bleu nuit (ou paon) et le rose, il a un petit c\u00f4t\u00e9 r\u00e9tro qui ne passe pas inaper\u00e7u. Et quand il est associ\u00e9 \u00e0 des touches dor\u00e9es, il para\u00eet encore plus chic. Ces derni\u00e8res peuvent \u00eatre directement appliqu\u00e9es sur des meubles (les pieds d\u2019un fauteuil ou d\u2019un canap\u00e9, ou le plateau d\u2019une table basse par exemple), ou sur des objets, des accessoires tels une suspension, une petite lampe \u00e0 poser, une jolie bo\u00eete, un petit plateau, des statuettes et un vase. Avec du velours et du <strong>dor\u00e9<\/strong>, votre d\u00e9coration est sophistiqu\u00e9e tout en restant conviviale.<\/p>\n<h2>Une d\u00e9co raffin\u00e9e, parfaite pour le salon<\/h2>\n<p>Cette <strong>tendance<\/strong> s\u2019invite de plus en plus dans les int\u00e9rieurs, dans les restaurants, les h\u00f4tels, les magasins. Si vous avez envie de l\u2019adopter chez vous, vous pouvez le faire dans votre salon. C\u2019est vraiment le lieu propice \u00e0 ce style. Outre les canap\u00e9s et fauteuils, le velours habille \u00e0 merveille les poufs, les coussins, les rideaux. On le retrouve aussi sur certains meubles, par petites touches, sur un buffet par exemple. Pour le dor\u00e9, vous pouvez choisir plusieurs objets et accessoires. Pensez aussi au bois, qui se marie tr\u00e8s bien avec cette mati\u00e8re et cette couleur et donnera \u00e0 l\u2019ensemble une pointe d\u2019authenticit\u00e9. Les plantes sont \u00e9galement les bienvenues, notamment celles ayant un aspect luxuriant. Enfin, sachez que cette d\u00e9co convient aussi \u00e0 d\u2019autres pi\u00e8ces telles que la chambre et la salle \u00e0 manger.<\/p>\n","protected":false},"excerpt":{"rendered":"<p>Pendant de nombreuses ann\u00e9es, la d\u00e9co \u00e9pur\u00e9e \u00e9tait \u00e0 la mode. Les int\u00e9rieurs se paraient de blanc, de gris et les meubles aux lignes design, ultra modernes \u00e9taient incontournables. Un style qui pla\u00eet toujours mais, qui peut sembler froid, peu accueillant. C\u2019est pourquoi, ces derniers mois, les d\u00e9corations plus chaleureuses ont le vent en poupe.<\/p>\n","protected":false},"author":1,"featured_media":0,"comment_status":"closed","ping_status":"closed","sticky":false,"template":"","format":"standard","meta":{"footnotes":""},"categories":[1],"tags":[],"class_list":["post-2227","post","type-post","status-publish","format-standard","hentry","category-non-classe"],"aioseo_notices":[],"amp_enabled":true,"_links":{"self":[{"href":"https:\/\/www.basika.fr\/blog\/wp-json\/wp\/v2\/posts\/2227","targetHints":{"allow":["GET"]}}],"collection":[{"href":"https:\/\/www.basika.fr\/blog\/wp-json\/wp\/v2\/posts"}],"about":[{"href":"https:\/\/www.basika.fr\/blog\/wp-json\/wp\/v2\/types\/post"}],"author":[{"embeddable":true,"href":"https:\/\/www.basika.fr\/blog\/wp-json\/wp\/v2\/users\/1"}],"replies":[{"embeddable":true,"href":"https:\/\/www.basika.fr\/blog\/wp-json\/wp\/v2\/comments?post=2227"}],"version-history":[{"count":10,"href":"https:\/\/www.basika.fr\/blog\/wp-json\/wp\/v2\/posts\/2227\/revisions"}],"predecessor-version":[{"id":2279,"href":"https:\/\/www.basika.fr\/blog\/wp-json\/wp\/v2\/posts\/2227\/revisions\/2279"}],"wp:attachment":[{"href":"https:\/\/www.basika.fr\/blog\/wp-json\/wp\/v2\/media?parent=2227"}],"wp:term":[{"taxonomy":"category","embeddable":true,"href":"https:\/\/www.basika.fr\/blog\/wp-json\/wp\/v2\/categories?post=2227"},{"taxonomy":"post_tag","embeddable":true,"href":"https:\/\/www.basika.fr\/blog\/wp-json\/wp\/v2\/tags?post=2227"}],"curies":[{"name":"wp","href":"https:\/\/api.w.org\/{rel}","templated":true}]}}