{"id":2281,"date":"2020-09-23T14:59:46","date_gmt":"2020-09-23T12:59:46","guid":{"rendered":"http:\/\/www.basika.fr\/blog\/?p=2281"},"modified":"2020-09-23T14:59:46","modified_gmt":"2020-09-23T12:59:46","slug":"preparez-la-rentree-avec-un-tout-nouveau-bureau","status":"publish","type":"post","link":"https:\/\/www.basika.fr\/blog\/preparez-la-rentree-avec-un-tout-nouveau-bureau\/","title":{"rendered":"Pr\u00e9parez la rentr\u00e9e avec un tout nouveau bureau !"},"content":{"rendered":"<p>Cette ann\u00e9e, les enfants ont repris le chemin de l\u2019\u00e9cole, du coll\u00e8ge et du lyc\u00e9e le 1<sup>er<\/sup> septembre 2020. Une <strong>rentr\u00e9e<\/strong> des classes un peu particuli\u00e8re puisqu\u2019elle s\u2019est d\u00e9roul\u00e9e en pleine p\u00e9riode d\u2019\u00e9pid\u00e9mie de Covid-19. Pour les parents, d\u00e9but septembre \u00e9tait \u00e9galement, pour la plupart, synonyme de fin des vacances. Un moment pas toujours r\u00e9jouissant mais qui peut \u00eatre vu comme le commencement d\u2019une nouvelle ann\u00e9e professionnelle (et non scolaire\u00a0!). Et pour bien la d\u00e9marrer, acqu\u00e9rir un nouveau bureau \u2013 ou revoir son organisation \u2013 peut aider \u00e0 retrouver un peu de motivation. En effet, n\u2019oublions pas que l\u2019environnement de travail, tant dans une entreprise qu\u2019\u00e0 la maison, contribue \u00e0 l\u2019\u00e9panouissement professionnel et \u00e0 l\u2019implication. Autant de bonnes raisons donc de bien organiser son <a href=\"https:\/\/www.basika.fr\/meuble-bureaux.htm\">bureau<\/a> pour la rentr\u00e9e\u00a0scolaire 2020 !<\/p>\n<h2>Choisissez un meuble de travail adapt\u00e9 \u00e0 vos besoins<\/h2>\n<p><img loading=\"lazy\" decoding=\"async\" class=\"aligncenter wp-image-2282 size-full\" src=\"https:\/\/www.basika.fr\/blog\/wp-content\/uploads\/rentree-amenagement-bureau.jpg\" alt=\"Un tout nouveau bureau pour la rentr\u00e9e !\" width=\"1000\" height=\"609\" srcset=\"https:\/\/www.basika.fr\/blog\/wp-content\/uploads\/rentree-amenagement-bureau.jpg 1000w, https:\/\/www.basika.fr\/blog\/wp-content\/uploads\/rentree-amenagement-bureau-300x183.jpg 300w, https:\/\/www.basika.fr\/blog\/wp-content\/uploads\/rentree-amenagement-bureau-768x468.jpg 768w\" sizes=\"auto, (max-width: 1000px) 100vw, 1000px\" \/><\/p>\n<p>Pour travailler dans des conditions de confort et de productivit\u00e9 optimales, mieux vaut avoir un <a href=\"https:\/\/www.basika.fr\/bureau-meuble-informatique.htm\">bureau fonctionnel<\/a>. Il doit donc correspondre \u00e0 votre activit\u00e9, aux t\u00e2ches que vous effectuez. Si vous avez un ordinateur, il faut qu\u2019il soit suffisamment grand pour accueillir un \u00e9cran (ou plusieurs), un clavier et vous permettre d\u2019avoir du recul pour ne pas \u00eatre trop pr\u00e8s de votre appareil informatique. Cela implique aussi de choisir une chaise ou un <a href=\"https:\/\/www.basika.fr\/fauteuil-de-bureau-pas-cher.htm\">fauteuil confortable<\/a>, qui maintient le dos et le cou. Pensez aussi aux rangements qui sont essentiels pour bien l\u2019organiser et garder un <strong>espace de travail<\/strong> propre, ordonn\u00e9. Si vous en manquez, la rentr\u00e9e de septembre 2020 est l\u2019occasion id\u00e9ale pour en acheter et ainsi, repartir sur de bonnes bases. A l\u2019instar des \u00e9l\u00e8ves des coll\u00e8ges, lyc\u00e9es et classes de primaire, vous avez le droit de profiter de cette p\u00e9riode pour vous offrir des fournitures\u00a0!<\/p>\n<h2>Les rangements, des accessoires indispensables pour organiser votre espace<\/h2>\n<p>Bien organiser son <strong>bureau<\/strong> pour la rentr\u00e9e (scolaire ou professionnelle) passe forc\u00e9ment par les rangements. Sans oublier l\u2019\u00e9tape du classement, qui permet de faire du tri. Si votre meuble est \u00e9quip\u00e9 de tiroir(s), avoir quelques bo\u00eetes et accessoires de classement en stock est toujours utile. Cela aide \u00e0 avoir un espace ordonn\u00e9 et \u00e0 rester productif. Si vous avez souvent des papiers, documents sur votre table de travail, optez pour des bannettes ou des range-dossiers pour vous y retrouver. Si vous utilisez des classeurs, vous pouvez installer des \u00e9tag\u00e8res ou des rangements muraux. Enfin, les caissons \u00e0 roulettes sont tr\u00e8s pratiques si vous devez les d\u00e9placer.<\/p>\n","protected":false},"excerpt":{"rendered":"<p>Cette ann\u00e9e, les enfants ont repris le chemin de l\u2019\u00e9cole, du coll\u00e8ge et du lyc\u00e9e le 1er septembre 2020. Une rentr\u00e9e des classes un peu particuli\u00e8re puisqu\u2019elle s\u2019est d\u00e9roul\u00e9e en pleine p\u00e9riode d\u2019\u00e9pid\u00e9mie de Covid-19. Pour les parents, d\u00e9but septembre \u00e9tait \u00e9galement, pour la plupart, synonyme de fin des vacances. Un moment pas toujours r\u00e9jouissant<\/p>\n","protected":false},"author":1,"featured_media":0,"comment_status":"closed","ping_status":"closed","sticky":false,"template":"","format":"standard","meta":{"footnotes":""},"categories":[1],"tags":[],"class_list":["post-2281","post","type-post","status-publish","format-standard","hentry","category-non-classe"],"aioseo_notices":[],"amp_enabled":true,"_links":{"self":[{"href":"https:\/\/www.basika.fr\/blog\/wp-json\/wp\/v2\/posts\/2281","targetHints":{"allow":["GET"]}}],"collection":[{"href":"https:\/\/www.basika.fr\/blog\/wp-json\/wp\/v2\/posts"}],"about":[{"href":"https:\/\/www.basika.fr\/blog\/wp-json\/wp\/v2\/types\/post"}],"author":[{"embeddable":true,"href":"https:\/\/www.basika.fr\/blog\/wp-json\/wp\/v2\/users\/1"}],"replies":[{"embeddable":true,"href":"https:\/\/www.basika.fr\/blog\/wp-json\/wp\/v2\/comments?post=2281"}],"version-history":[{"count":1,"href":"https:\/\/www.basika.fr\/blog\/wp-json\/wp\/v2\/posts\/2281\/revisions"}],"predecessor-version":[{"id":2283,"href":"https:\/\/www.basika.fr\/blog\/wp-json\/wp\/v2\/posts\/2281\/revisions\/2283"}],"wp:attachment":[{"href":"https:\/\/www.basika.fr\/blog\/wp-json\/wp\/v2\/media?parent=2281"}],"wp:term":[{"taxonomy":"category","embeddable":true,"href":"https:\/\/www.basika.fr\/blog\/wp-json\/wp\/v2\/categories?post=2281"},{"taxonomy":"post_tag","embeddable":true,"href":"https:\/\/www.basika.fr\/blog\/wp-json\/wp\/v2\/tags?post=2281"}],"curies":[{"name":"wp","href":"https:\/\/api.w.org\/{rel}","templated":true}]}}