{"id":2285,"date":"2020-10-02T09:47:25","date_gmt":"2020-10-02T07:47:25","guid":{"rendered":"http:\/\/www.basika.fr\/blog\/?p=2285"},"modified":"2020-11-13T16:52:19","modified_gmt":"2020-11-13T15:52:19","slug":"automne-2020-les-nouvelles-tendances-deco","status":"publish","type":"post","link":"https:\/\/www.basika.fr\/blog\/automne-2020-les-nouvelles-tendances-deco\/","title":{"rendered":"Automne 2020 : les nouvelles tendances d\u00e9co"},"content":{"rendered":"<p>Depuis quelques jours, l\u2019\u00e9t\u00e9 a laiss\u00e9 sa place \u00e0 <strong>l\u2019automne<\/strong>. L\u2019atmosph\u00e8re se rafra\u00eechit, les arbres vont commencer \u00e0 perdre leurs feuilles et \u00e0 se parer de teintes orang\u00e9es. Un changement de saison qui implique de ressortir des habits plus chauds et qui se manifeste aussi par de nouvelles tendances. Et cela ne concerne pas seulement le pr\u00eat-\u00e0-porter. C\u2019est \u00e9galement le cas en d\u00e9co, d\u2019autant qu\u2019\u00e0 cette p\u00e9riode de l\u2019ann\u00e9e, on profite souvent des jours gris (ou pluvieux) pour modifier l\u2019<a href=\"https:\/\/www.basika.fr\/meuble-salons.htm\">am\u00e9nagement de son int\u00e9rieur<\/a> et sa d\u00e9coration et se mettre en mode cocooning. L\u2019occasion de se demander quelles sont les tendances de cet automne-hiver 2020\u00a0? Mais aussi, quels sont les diff\u00e9rents styles et couleurs qui rythmeront la saison\u00a0?<\/p>\n<h2>Quels sont les diff\u00e9rents styles de d\u00e9coration \u00e0 la mode ?<\/h2>\n<div id=\"attachment_2291\" style=\"width: 810px\" class=\"wp-caption aligncenter\"><img loading=\"lazy\" decoding=\"async\" aria-describedby=\"caption-attachment-2291\" class=\"wp-image-2291 size-full\" src=\"https:\/\/www.basika.fr\/blog\/wp-content\/uploads\/tendance-deco-2020-1.jpg\" alt=\"Les tendances d\u00e9co de cet automne-hiver 2020 !\" width=\"800\" height=\"533\" srcset=\"https:\/\/www.basika.fr\/blog\/wp-content\/uploads\/tendance-deco-2020-1.jpg 800w, https:\/\/www.basika.fr\/blog\/wp-content\/uploads\/tendance-deco-2020-1-300x200.jpg 300w, https:\/\/www.basika.fr\/blog\/wp-content\/uploads\/tendance-deco-2020-1-768x512.jpg 768w\" sizes=\"auto, (max-width: 800px) 100vw, 800px\" \/><p id=\"caption-attachment-2291\" class=\"wp-caption-text\">Cr\u00e9dit photo : Kruchenkova<\/p><\/div>\n<p>On dit souvent que la mode est un \u00e9ternellement recommencement. Force est de constater que c\u2019est vrai puisque durant cet automne-hiver 2020, diff\u00e9rents styles de <strong>d\u00e9coration<\/strong> \u00e0 la mode l\u2019\u00e9taient d\u00e9j\u00e0 l\u2019ann\u00e9e pr\u00e9c\u00e9dente. C\u2019est le cas du velours qui s\u2019impose une fois encore et devient m\u00eame la tendance n\u00b01. Facile \u00e0 adopter, il se d\u00e9cline sur divers meubles et objets, du pouf au canap\u00e9 en passant par les fauteuils, coussins et rideaux. Pour apporter une sensation de chaleur imm\u00e9diate dans une pi\u00e8ce, c\u2019est la mati\u00e8re id\u00e9ale\u00a0! Autre style tendance, le naturel. Lui aussi \u00e9tait d\u00e9j\u00e0 pr\u00e9sent au cours de l\u2019automne-hiver 2019-2020 et m\u00eame au printemps. Imprim\u00e9s floraux, mat\u00e9riaux authentiques, recyclables et\/ou durables (laine boucl\u00e9e, c\u00e9ramique, bois, rotin, cannage \u2026etc.) s\u2019invitent une fois de plus dans nos int\u00e9rieurs. Des valeurs s\u00fbres donc, sur lesquelles on mise les yeux ferm\u00e9s. Le style vintage est \u00e9galement toujours d\u2019actualit\u00e9 cette saison.<\/p>\n<h2>Les couleurs incontournables pour l\u2019automne-hiver 2020<\/h2>\n<p>Quand les premiers froids reviennent, on a envie d\u2019une d\u00e9coration chaleureuse. Et cette ann\u00e9e ne risque pas d\u2019y \u00e9chapper\u00a0! Alors, si vous vous demandez quelles couleurs pour cet automne 2020, voici quelques r\u00e9ponses qui devraient vous aider dans vos choix. Le vert tout d\u2019abord, est une teinte tr\u00e8s <strong>tendance<\/strong>. Kaki, fonc\u00e9, sauge, amande \u2026 il y en a pour tous les go\u00fbts\u00a0! Ensuite, les coloris terre cuite et terracotta sont parfaits pour r\u00e9chauffer l\u2019atmosph\u00e8re d\u2019une pi\u00e8ce. Puis, on retrouve le <a href=\"https:\/\/www.basika.fr\/blog\/classic-blue-la-couleur-tendance-pour-lannee-2020-selon-pantone\/\">fameux bleu<\/a> \u00e9lu couleur de l\u2019ann\u00e9e par Pantone. Enfin, vous pouvez choisir des couleurs douces, apaisantes (nude, rose p\u00e2le et p\u00eache par exemple). Et pour r\u00e9veiller votre d\u00e9co, n\u2019h\u00e9sitez pas \u00e0 diss\u00e9miner ici et l\u00e0 quelques touches de jaune moutarde\u00a0!<\/p>\n","protected":false},"excerpt":{"rendered":"<p>Depuis quelques jours, l\u2019\u00e9t\u00e9 a laiss\u00e9 sa place \u00e0 l\u2019automne. L\u2019atmosph\u00e8re se rafra\u00eechit, les arbres vont commencer \u00e0 perdre leurs feuilles et \u00e0 se parer de teintes orang\u00e9es. Un changement de saison qui implique de ressortir des habits plus chauds et qui se manifeste aussi par de nouvelles tendances. Et cela ne concerne pas seulement<\/p>\n","protected":false},"author":1,"featured_media":0,"comment_status":"closed","ping_status":"closed","sticky":false,"template":"","format":"standard","meta":{"footnotes":""},"categories":[490],"tags":[],"class_list":["post-2285","post","type-post","status-publish","format-standard","hentry","category-tendances-deco"],"aioseo_notices":[],"amp_enabled":true,"_links":{"self":[{"href":"https:\/\/www.basika.fr\/blog\/wp-json\/wp\/v2\/posts\/2285","targetHints":{"allow":["GET"]}}],"collection":[{"href":"https:\/\/www.basika.fr\/blog\/wp-json\/wp\/v2\/posts"}],"about":[{"href":"https:\/\/www.basika.fr\/blog\/wp-json\/wp\/v2\/types\/post"}],"author":[{"embeddable":true,"href":"https:\/\/www.basika.fr\/blog\/wp-json\/wp\/v2\/users\/1"}],"replies":[{"embeddable":true,"href":"https:\/\/www.basika.fr\/blog\/wp-json\/wp\/v2\/comments?post=2285"}],"version-history":[{"count":4,"href":"https:\/\/www.basika.fr\/blog\/wp-json\/wp\/v2\/posts\/2285\/revisions"}],"predecessor-version":[{"id":2292,"href":"https:\/\/www.basika.fr\/blog\/wp-json\/wp\/v2\/posts\/2285\/revisions\/2292"}],"wp:attachment":[{"href":"https:\/\/www.basika.fr\/blog\/wp-json\/wp\/v2\/media?parent=2285"}],"wp:term":[{"taxonomy":"category","embeddable":true,"href":"https:\/\/www.basika.fr\/blog\/wp-json\/wp\/v2\/categories?post=2285"},{"taxonomy":"post_tag","embeddable":true,"href":"https:\/\/www.basika.fr\/blog\/wp-json\/wp\/v2\/tags?post=2285"}],"curies":[{"name":"wp","href":"https:\/\/api.w.org\/{rel}","templated":true}]}}