{"id":2423,"date":"2021-03-12T10:00:27","date_gmt":"2021-03-12T09:00:27","guid":{"rendered":"http:\/\/www.basika.fr\/blog\/?p=2423"},"modified":"2021-03-10T17:13:42","modified_gmt":"2021-03-10T16:13:42","slug":"a-quoi-pourrait-ressembler-la-table-basse-du-futur","status":"publish","type":"post","link":"https:\/\/www.basika.fr\/blog\/a-quoi-pourrait-ressembler-la-table-basse-du-futur\/","title":{"rendered":"A quoi pourrait ressembler la table basse du futur ?"},"content":{"rendered":"\n<p>Le mobilier \u00e9volue au fil des ans et des modes. Et depuis quelques ann\u00e9es, il int\u00e8gre de plus en plus les nouvelles technologies. Ainsi, on a vu appara\u00eetre des meubles \u00e9quip\u00e9s de LED, au design tr\u00e8s futuriste et m\u00eame, connect\u00e9s. Et cela ne risque pas de s\u2019arr\u00eater l\u00e0. Il est fort probable que d\u2019ici quelques ann\u00e9es, ils soient encore plus innovants et high-tech. Et aucune pi\u00e8ce de la maison ne sera \u00e9pargn\u00e9e\u00a0! Prenons le cas du salon, le lieu de vie chaleureux par excellence o\u00f9 l\u2019on aime se retrouver entre amis, en famille, et se d\u00e9tendre. Dans cette pi\u00e8ce, certains meubles sont incontournables et n\u2019\u00e9chappent pas \u00e0 la modernit\u00e9. Nous pensons notamment \u00e0 la <strong>table basse<\/strong> \u2013 qu\u2019elle soit petite, carr\u00e9e ou rectangulaire, de style industriel, moderne ou scandinave \u2013 qui devrait bien \u00e9voluer au cours des prochaines ann\u00e9es. Elle pourrait par exemple \u00eatre dot\u00e9e d\u2019un \u00e9cran digital \u00e0 la place du plateau classique en bois ou en verre, ou connect\u00e9e, voire m\u00eame \u00eatre \u00e9quip\u00e9e d\u2019un tiroir r\u00e9frig\u00e9r\u00e9\u00a0! Ainsi, un jour, les <a href=\"https:\/\/www.basika.fr\/table-basse-pas-cher.htm\">tables basses carr\u00e9es<\/a>, en bois et\/ou en m\u00e9tal, que l\u2019on conna\u00eet aujourd\u2019hui seront peut-\u00eatre devenues des pi\u00e8ces de mus\u00e9e, qui \u00e9voqueront une autre \u00e9poque (comme le Minitel par ex). <\/p>\n\n\n\n<h2 class=\"wp-block-heading\">Un meuble int\u00e9grant les derni\u00e8res technologies<\/h2>\n\n\n\n<p>Imaginer la table basse du <strong>futur <\/strong>int\u00e9resse de nombreux entrepreneurs et inventeurs. Sur Internet, des projets ont \u00e9t\u00e9 mis en ligne afin de r\u00e9colter des fonds pour cr\u00e9er des meubles r\u00e9volutionnaires. Citons par exemple une table basse noire ultra-moderne pr\u00e9sent\u00e9e au CES 2021 qui dispose d\u2019un \u00e9cran tactile g\u00e9ant en guise de plateau en verre, qui permet de jouer \u00e0 des jeux de soci\u00e9t\u00e9\u00a0! Un bon moyen d\u2019occuper enfants et adultes, et pour s\u2019amuser en famille\u00a0! <\/p>\n\n\n\n<p>De mani\u00e8re plus\ng\u00e9n\u00e9rale, nous pouvons nous attendre \u00e0 trouver prochainement des mod\u00e8les\nconnect\u00e9s, avec des touches de m\u00e9tal, de forme carr\u00e9e, rectangulaire, avec des\nprises pour recharger des t\u00e9l\u00e9phones et tablettes, ou avec des enceintes\nint\u00e9gr\u00e9es. Mais du mobilier de salon moderne et high-tech ne veut pas dire\nqu\u2019il ne sera pas fonctionnel. Au contraire, l\u2019un n\u2019enl\u00e8ve pas l\u2019autre. Un\nmeuble peut inclure les derni\u00e8res technologies tout en conservant son aspect\npratique. Et tout en restant esth\u00e9tique, fabriqu\u00e9 avec des mat\u00e9riaux de qualit\u00e9\ndont du verre, du bois et du m\u00e9tal, et propos\u00e9 en noir et en blanc laqu\u00e9 entre\nautres. Et heureusement d\u2019ailleurs, car ces deux aspects sont souvent des\ncrit\u00e8res de choix lorsqu\u2019on souhaite acheter du <a href=\"https:\/\/www.basika.fr\/blog\/invitez-le-style-industriel-dans-votre-salon\/\">mobilier de salon industriel<\/a>, \u00e9l\u00e9gant ou\nrustique. <\/p>\n\n\n\n<h2 class=\"wp-block-heading\">Du mobilier intelligent, toujours plus pratique et innovant !<\/h2>\n\n\n\n<p>D\u2019ici quelques ann\u00e9es, nous pourrons sans doute b\u00e9n\u00e9ficier de tables basses ultra modernes, carr\u00e9es ou rectangulaires, aussi design qu\u2019innovantes. Elles ne seront plus uniquement utiles pour poser des affaires, des objets de d\u00e9co. Elles contribueront aussi \u00e0 am\u00e9liorer et faciliter notre quotidien. D\u2019autant que les id\u00e9es ne manquent pas pour les rendre plus intelligentes. Il suffit de voir les \u00e9volutions des ann\u00e9es pr\u00e9c\u00e9dentes. Des <strong>meubles <\/strong>traditionnels en bois, nous sommes pass\u00e9s \u00e0 des mod\u00e8les plus modernes, industriels, design, avec du m\u00e9tal, du verre et d\u00e9clin\u00e9s en divers coloris dont du noir et du blanc laqu\u00e9. Sans oublier ceux \u00e9clair\u00e9s par des LED, qui sont tr\u00e8s contemporains. Et ceux avec des rangements astucieux. Mais en attendant de pouvoir profiter de ces meubles innovants dans votre salon, vous pouvez vous faire plaisir avec les tables basses en vente sur notre site\u00a0! Actuellement, nous vous proposons une s\u00e9lection tr\u00e8s vari\u00e9e de r\u00e9f\u00e9rences \u00e0 des prix abordables, de style industriel, classique ou scandinave notamment. En bois, en m\u00e9tal et\/ou en verre, de forme carr\u00e9e, ovale ou rectangulaire, elles apportent le point final \u00e0 l\u2019am\u00e9nagement de votre salon. Alors n\u2019attendez plus pour les d\u00e9couvrir sur notre e-boutique\u00a0!<\/p>\n","protected":false},"excerpt":{"rendered":"<p>Le mobilier \u00e9volue au fil des ans et des modes. Et depuis quelques ann\u00e9es, il int\u00e8gre de plus en plus les nouvelles technologies. Ainsi, on a vu appara\u00eetre des meubles \u00e9quip\u00e9s de LED, au design tr\u00e8s futuriste et m\u00eame, connect\u00e9s. Et cela ne risque pas de s\u2019arr\u00eater l\u00e0. Il est fort probable que d\u2019ici quelques<\/p>\n","protected":false},"author":1,"featured_media":0,"comment_status":"closed","ping_status":"closed","sticky":false,"template":"","format":"standard","meta":{"footnotes":""},"categories":[493],"tags":[],"class_list":["post-2423","post","type-post","status-publish","format-standard","hentry","category-inspirations-par-piece"],"aioseo_notices":[],"amp_enabled":true,"_links":{"self":[{"href":"https:\/\/www.basika.fr\/blog\/wp-json\/wp\/v2\/posts\/2423","targetHints":{"allow":["GET"]}}],"collection":[{"href":"https:\/\/www.basika.fr\/blog\/wp-json\/wp\/v2\/posts"}],"about":[{"href":"https:\/\/www.basika.fr\/blog\/wp-json\/wp\/v2\/types\/post"}],"author":[{"embeddable":true,"href":"https:\/\/www.basika.fr\/blog\/wp-json\/wp\/v2\/users\/1"}],"replies":[{"embeddable":true,"href":"https:\/\/www.basika.fr\/blog\/wp-json\/wp\/v2\/comments?post=2423"}],"version-history":[{"count":1,"href":"https:\/\/www.basika.fr\/blog\/wp-json\/wp\/v2\/posts\/2423\/revisions"}],"predecessor-version":[{"id":2424,"href":"https:\/\/www.basika.fr\/blog\/wp-json\/wp\/v2\/posts\/2423\/revisions\/2424"}],"wp:attachment":[{"href":"https:\/\/www.basika.fr\/blog\/wp-json\/wp\/v2\/media?parent=2423"}],"wp:term":[{"taxonomy":"category","embeddable":true,"href":"https:\/\/www.basika.fr\/blog\/wp-json\/wp\/v2\/categories?post=2423"},{"taxonomy":"post_tag","embeddable":true,"href":"https:\/\/www.basika.fr\/blog\/wp-json\/wp\/v2\/tags?post=2423"}],"curies":[{"name":"wp","href":"https:\/\/api.w.org\/{rel}","templated":true}]}}