{"id":2465,"date":"2021-05-07T10:30:37","date_gmt":"2021-05-07T08:30:37","guid":{"rendered":"http:\/\/www.basika.fr\/blog\/?p=2465"},"modified":"2021-05-05T11:10:56","modified_gmt":"2021-05-05T09:10:56","slug":"le-printemps-est-la-installez-votre-salon-de-jardin","status":"publish","type":"post","link":"https:\/\/www.basika.fr\/blog\/le-printemps-est-la-installez-votre-salon-de-jardin\/","title":{"rendered":"Le printemps est l\u00e0 : installez votre salon de jardin !"},"content":{"rendered":"\n<p>Depuis quelques semaines, le <strong>printemps <\/strong>a fait son grand retour. Et apr\u00e8s une p\u00e9riode plut\u00f4t fra\u00eeche, les beaux jours sont (enfin) l\u00e0. Nous sommes encore loin des grandes chaleurs, mais quand il fait doux et que le soleil brille, il est d\u00e9j\u00e0 possible de se d\u00e9tendre dehors, voire d\u2019y d\u00e9jeuner. Le moment est donc propice \u00e0 l\u2019installation de votre salon de jardin. Et si vous n\u2019en avez pas encore, il est temps d\u2019acheter du mobilier afin de profiter de votre balcon, terrasse, petit ou un grand jardin&nbsp;! D\u2019ailleurs, sur notre boutique en ligne, vous retrouvez une <a href=\"https:\/\/www.basika.fr\/meuble-jardin.htm\">s\u00e9lection vari\u00e9e de meubles d\u2019ext\u00e9rieur<\/a> \u00e0 des prix pas chers, en bois ou en r\u00e9sine notamment.<\/p>\n\n\n\n<p>Synonyme de\nbien-\u00eatre, le mobilier de jardin a \u00e9volu\u00e9 ces derni\u00e8res ann\u00e9es. L\u2019\u00e9poque o\u00f9\nl\u2019on ne trouvait que des tables et chaises en plastique&nbsp;est r\u00e9volue !\nD\u00e9sormais, les meubles d\u2019ext\u00e9rieur sont aussi confortables et design que ceux\nd\u2019int\u00e9rieur. Et surtout, on trouve de nombreux produits dont des canap\u00e9s et des\nfauteuils, et de tr\u00e8s beaux salons en bois (du mobilier en teck par exemple),\nen r\u00e9sine que l\u2019on peut agr\u00e9menter de coussins. <\/p>\n\n\n\n<h2 class=\"wp-block-heading\">Se cr\u00e9er un espace propice \u00e0 la d\u00e9tente avec du mobilier d\u2019ext\u00e9rieur<\/h2>\n\n\n\n<figure class=\"wp-block-image\"><img loading=\"lazy\" decoding=\"async\" width=\"800\" height=\"800\" src=\"https:\/\/www.basika.fr\/blog\/wp-content\/uploads\/salon-de-jardin-1.jpg\" alt=\"\" class=\"wp-image-2466\"\/><\/figure>\n\n\n\n<p>Avec un <strong>salon de jardin<\/strong>, vous am\u00e9nagez votre ext\u00e9rieur au gr\u00e9 de vos envies. Mais une chose est s\u00fbre, cela vous permet de passer du temps dehors quand il fait beau, en \u00e9tant confortablement install\u00e9. Et cela fait toute la diff\u00e9rence car il faut bien reconna\u00eetre qu\u2019il est plus agr\u00e9able d\u2019\u00eatre allong\u00e9 sur un transat que sur un sol en b\u00e9ton&nbsp;! Et pour manger, sauf si vous aimez pique-niquer, il est tout de m\u00eame plus pratique d\u2019avoir une table et des chaises&nbsp;!<\/p>\n\n\n\n<p>En commandant vos meubles sur notre e-boutique,\noutre des prix pas chers sur du mobilier de qualit\u00e9, vous retrouvez des valeurs\ns\u00fbres, qui sont parfaites pour agencer un coin d\u00e9tente, o\u00f9 vous vous sentirez\nbien. D\u2019autant qu\u2019entre les canap\u00e9s et fauteuils en r\u00e9sine, les tables et\nchaises en bois, il y en a pour tous les go\u00fbts&nbsp;! Et pour rendre votre\nespace encore plus cosy, n\u2019h\u00e9sitez pas \u00e0 le personnaliser avec quelques\naccessoires, tels un tapis d\u2019ext\u00e9rieur, des luminaires, des coussins, des\npetits objets de d\u00e9co et des bougies parfum\u00e9es. <\/p>\n\n\n\n<h2 class=\"wp-block-heading\">Quels meubles choisir pour manger dehors et profiter des beaux jours ?<\/h2>\n\n\n\n<p>De nos jours, le <strong>mobilier d\u2019ext\u00e9rieur<\/strong> n\u2019est pas cher et il est d\u00e9clin\u00e9 en divers mati\u00e8res et styles. Si vous aimez les mat\u00e9riaux naturels, authentiques et chaleureux, vous pouvez choisir un salon de jardin en bois. Ind\u00e9modable, ce dernier convient \u00e0 diff\u00e9rentes activit\u00e9s&nbsp;: repas en plein air, moments de d\u00e9tente entre amis ou en famille, go\u00fbter et jeu des enfants \u2026etc. Et si vous privil\u00e9giez le teck, vous profitez d\u2019un bois imputrescible. <\/p>\n\n\n\n<p>Si vous avez envie de <a href=\"https:\/\/www.basika.fr\/\">meubles plus design<\/a>,\nmodernes, nous vous conseillons les tables et chaises, canap\u00e9s et fauteuils en\nr\u00e9sine. Facile \u00e0 entretenir, cette mati\u00e8re rencontre un franc succ\u00e8s depuis\nquelques ann\u00e9es car elle r\u00e9siste tr\u00e8s bien aux intemp\u00e9ries.<\/p>\n\n\n\n<p>Mais le mat\u00e9riau n\u2019est pas le seul crit\u00e8re pouvant\norienter votre choix. Il faut \u00e9galement tenir compte de l\u2019espace dont vous\ndisposez lors de l\u2019achat de votre salon. Si votre ext\u00e9rieur est grand, vous\npouvez vous faire plaisir avec plusieurs meubles tels qu\u2019un ensemble table et\nchaises, un canap\u00e9 et quelques fauteuils. En revanche, pour une petite\nsuperficie, vos besoins et usages seront d\u00e9terminants. Si vous vous installez\nsur votre balcon ou terrasse pour manger, table et chaises seront\nincontournables. A l\u2019inverse, si vous l\u2019utilisez juste pour vous d\u00e9tendre, vous\npouvez vous contenter d\u2019un fauteuil pas cher ou d\u2019un canap\u00e9 en bois ou en\nr\u00e9sine.&nbsp; <\/p>\n","protected":false},"excerpt":{"rendered":"<p>Depuis quelques semaines, le printemps a fait son grand retour. Et apr\u00e8s une p\u00e9riode plut\u00f4t fra\u00eeche, les beaux jours sont (enfin) l\u00e0. Nous sommes encore loin des grandes chaleurs, mais quand il fait doux et que le soleil brille, il est d\u00e9j\u00e0 possible de se d\u00e9tendre dehors, voire d\u2019y d\u00e9jeuner. Le moment est donc propice<\/p>\n","protected":false},"author":1,"featured_media":0,"comment_status":"closed","ping_status":"closed","sticky":false,"template":"","format":"standard","meta":{"footnotes":""},"categories":[493],"tags":[],"class_list":["post-2465","post","type-post","status-publish","format-standard","hentry","category-inspirations-par-piece"],"aioseo_notices":[],"amp_enabled":true,"_links":{"self":[{"href":"https:\/\/www.basika.fr\/blog\/wp-json\/wp\/v2\/posts\/2465","targetHints":{"allow":["GET"]}}],"collection":[{"href":"https:\/\/www.basika.fr\/blog\/wp-json\/wp\/v2\/posts"}],"about":[{"href":"https:\/\/www.basika.fr\/blog\/wp-json\/wp\/v2\/types\/post"}],"author":[{"embeddable":true,"href":"https:\/\/www.basika.fr\/blog\/wp-json\/wp\/v2\/users\/1"}],"replies":[{"embeddable":true,"href":"https:\/\/www.basika.fr\/blog\/wp-json\/wp\/v2\/comments?post=2465"}],"version-history":[{"count":2,"href":"https:\/\/www.basika.fr\/blog\/wp-json\/wp\/v2\/posts\/2465\/revisions"}],"predecessor-version":[{"id":2468,"href":"https:\/\/www.basika.fr\/blog\/wp-json\/wp\/v2\/posts\/2465\/revisions\/2468"}],"wp:attachment":[{"href":"https:\/\/www.basika.fr\/blog\/wp-json\/wp\/v2\/media?parent=2465"}],"wp:term":[{"taxonomy":"category","embeddable":true,"href":"https:\/\/www.basika.fr\/blog\/wp-json\/wp\/v2\/categories?post=2465"},{"taxonomy":"post_tag","embeddable":true,"href":"https:\/\/www.basika.fr\/blog\/wp-json\/wp\/v2\/tags?post=2465"}],"curies":[{"name":"wp","href":"https:\/\/api.w.org\/{rel}","templated":true}]}}