{"id":2523,"date":"2021-08-30T10:00:00","date_gmt":"2021-08-30T08:00:00","guid":{"rendered":"http:\/\/www.basika.fr\/blog\/?p=2523"},"modified":"2021-08-26T17:01:55","modified_gmt":"2021-08-26T15:01:55","slug":"le-style-baroque-un-classique-indemodable-en-decoration","status":"publish","type":"post","link":"https:\/\/www.basika.fr\/blog\/le-style-baroque-un-classique-indemodable-en-decoration\/","title":{"rendered":"Le style baroque, un classique ind\u00e9modable en d\u00e9coration !"},"content":{"rendered":"\n<p>En d\u00e9co, le <strong>style baroque<\/strong> est l\u2019un des plus extravagants\u00a0! D\u00e9pourvu de sobri\u00e9t\u00e9 et de minimalisme, il se distingue par son mobilier chic, ostentatoire et somptueux (canap\u00e9, armoire, bureau, table, chaise \u2026etc.), sa richesse de couleurs et de mati\u00e8res, la noblesse de ses mat\u00e9riaux et sa profusion de d\u00e9tails. On est loin des meubles classiques et \u00e9pur\u00e9s d\u2019<a href=\"https:\/\/www.basika.fr\/blog\/la-decoration-scandinave-une-question-de-tendance\/\">inspiration scandinave<\/a> ou industriels. Et c\u2019est souvent cette fantaisie qui le rend difficile \u00e0 adopter en d\u00e9coration. En fait, il faut bien le doser pour \u00e9viter de surcharger son int\u00e9rieur, sa chambre ou son salon par exemple. Car, si \u00e0 l\u2019\u00e9poque o\u00f9 il a vu le jour, on pouvait cr\u00e9er un d\u00e9cor enti\u00e8rement baroque chic du sol au plafond dans de vastes demeures, aujourd\u2019hui, nos espaces de vie sont plus petits et ne sont pas forc\u00e9ment adapt\u00e9s \u00e0 une d\u00e9co int\u00e9grale. En revanche, il est facile de lui apporter une touche plus moderne en l\u2019associant avec d\u2019autres tendances. Et s\u2019il y a bien deux pi\u00e8ces o\u00f9 il trouve sa place, ce sont le salon et la <a href=\"https:\/\/www.basika.fr\/meuble-chambres.htm\">chambre<\/a>.\u00a0 <\/p>\n\n\n\n<h2 class=\"wp-block-heading\">Les origines de la d\u00e9co baroque et son \u00e9volution<\/h2>\n\n\n\n<figure class=\"wp-block-image\"><img loading=\"lazy\" decoding=\"async\" width=\"800\" height=\"600\" src=\"https:\/\/www.basika.fr\/blog\/wp-content\/uploads\/salon-style-baroque.jpg\" alt=\"\" class=\"wp-image-2524\"\/><\/figure>\n\n\n\n<p>Le style baroque est n\u00e9 en Italie, au cours du XVI<sup>\u00e8me<\/sup> si\u00e8cle. V\u00e9ritable courant artistique, il s\u2019est impos\u00e9 aussi bien en <strong>d\u00e9coration <\/strong>qu\u2019en musique, en litt\u00e9rature et en peinture. En d\u00e9co, on le reconna\u00eet \u00e0 son exub\u00e9rance. Les objets et meubles \u2013 des canap\u00e9s,<a href=\"https:\/\/www.basika.fr\/meuble-chaises-fauteuils.htm\"> des chaises<\/a>, des bureaux, des armoires par exemple \u2013 se parent de dorures, de teintes chaudes, de mati\u00e8res nobles telles que du marbre, du bois sculpt\u00e9, du velours et des d\u00e9tails luxueux. En d\u2019autres termes, il ne passe pas inaper\u00e7u. Et s\u2019il a vu le jour en Italie, il a \u00e9volu\u00e9 en Allemagne en se transformant en style rococo au XVIII<sup>\u00e8me<\/sup> si\u00e8cle. Puis, petit \u00e0 petit, il a \u00e9t\u00e9 moins appr\u00e9ci\u00e9. Mais cela ne signifie pas sa fin. Au contraire, m\u00eame s\u2019il a \u00e9t\u00e9 d\u00e9mod\u00e9 pendant quelques ann\u00e9es, il est redevenu \u00e0 la mode et de nos jours, il fait partie des d\u00e9corations intemporelles, que l\u2019on retrouve aussi bien sur des canap\u00e9s que sur des bureaux ou des armoires. Cependant, on ne l\u2019int\u00e8gre plus de la m\u00eame mani\u00e8re dans une chambre, un salon, une <a href=\"https:\/\/www.basika.fr\/meuble-salle-a-manger-complete.htm\">salle \u00e0 manger<\/a>. Au lieu de le d\u00e9cliner sur l\u2019ensemble du mobilier et de la d\u00e9co, on le fait avec parcimonie pour un d\u00e9cor chic et moderne. <\/p>\n\n\n\n<h2 class=\"wp-block-heading\">Quelles sont les principales caract\u00e9ristiques de ce style ?<\/h2>\n\n\n\n<p>Vous l\u2019aurez compris, au XXI<sup>\u00e8me<\/sup> si\u00e8cle, on \u00e9vite d\u2019avoir un d\u00e9cor baroque chic ou rococo int\u00e9gral. On s\u00e9lectionne plut\u00f4t avec soin quelques<a href=\"https:\/\/www.basika.fr\/\"> meubles pas cher<\/a> et objets de d\u00e9coration, que l\u2019on installe dans une chambre ou un salon par exemple. Mais encore faut-il bien les choisir car avec ce style, aussi magnifique soit-il, la faute de go\u00fbt peut vite arriver. D\u2019o\u00f9 l\u2019int\u00e9r\u00eat d\u2019opter pour une <strong>d\u00e9co baroque moderne<\/strong>, c\u2019est-\u00e0-dire qui s\u2019adapte \u00e0 notre \u00e9poque et \u00e0 la superficie de nos logements, qui est moins grande que celle des belles demeures italiennes du XVI<sup>\u00e8me <\/sup>si\u00e8cle. <\/p>\n\n\n\n<p>Pour les couleurs, le rouge, le pourpre, le noir et\nle mauve sont incontournables, avec des touches dor\u00e9es, argent\u00e9es, m\u00e9tallis\u00e9es.\nPour leur donner un effet moderne, nous vous conseillons de les associer avec\ndu blanc. Du c\u00f4t\u00e9 des mati\u00e8res, velours, satin, tissus finement travaill\u00e9s,\nmousseline et dentelle sont omnipr\u00e9sents. Donc, choisissez-en une ou deux pour\nvos coussins, rideaux, draps ou nappes par exemple. En revanche, ne les\naccumulez pas sur vos meubles et dans les pi\u00e8ces au risque de cr\u00e9er un d\u00e9cor\ntrop surcharg\u00e9. D\u2019autant que le style baroque ne s\u2019arr\u00eate pas l\u00e0. On le\nretrouve aussi sur des objets de d\u00e9coration, que l\u2019on accumule, tels que des\nbibelots, des cadres photos, des vases, des petites bo\u00eetes, des statuettes, des\nchandeliers, des miroirs\u2026 Enfin, n\u2019oubliez pas les luminaires dans votre\nchambre ou salon. G\u00e9n\u00e9ralement imposants, des grands lustres \u00e0 pampilles \u00e0\nsuspendre au plafond au-dessus d\u2019un canap\u00e9 ou d\u2019une armoire par exemple, ils\nsont tr\u00e8s d\u00e9coratifs, chics et attirent imm\u00e9diatement le regard. <\/p>\n","protected":false},"excerpt":{"rendered":"<p>En d\u00e9co, le style baroque est l\u2019un des plus extravagants\u00a0! D\u00e9pourvu de sobri\u00e9t\u00e9 et de minimalisme, il se distingue par son mobilier chic, ostentatoire et somptueux (canap\u00e9, armoire, bureau, table, chaise \u2026etc.), sa richesse de couleurs et de mati\u00e8res, la noblesse de ses mat\u00e9riaux et sa profusion de d\u00e9tails. On est loin des meubles classiques<\/p>\n","protected":false},"author":1,"featured_media":0,"comment_status":"closed","ping_status":"closed","sticky":false,"template":"","format":"standard","meta":{"footnotes":""},"categories":[489],"tags":[],"class_list":["post-2523","post","type-post","status-publish","format-standard","hentry","category-styles"],"aioseo_notices":[],"amp_enabled":true,"_links":{"self":[{"href":"https:\/\/www.basika.fr\/blog\/wp-json\/wp\/v2\/posts\/2523","targetHints":{"allow":["GET"]}}],"collection":[{"href":"https:\/\/www.basika.fr\/blog\/wp-json\/wp\/v2\/posts"}],"about":[{"href":"https:\/\/www.basika.fr\/blog\/wp-json\/wp\/v2\/types\/post"}],"author":[{"embeddable":true,"href":"https:\/\/www.basika.fr\/blog\/wp-json\/wp\/v2\/users\/1"}],"replies":[{"embeddable":true,"href":"https:\/\/www.basika.fr\/blog\/wp-json\/wp\/v2\/comments?post=2523"}],"version-history":[{"count":1,"href":"https:\/\/www.basika.fr\/blog\/wp-json\/wp\/v2\/posts\/2523\/revisions"}],"predecessor-version":[{"id":2525,"href":"https:\/\/www.basika.fr\/blog\/wp-json\/wp\/v2\/posts\/2523\/revisions\/2525"}],"wp:attachment":[{"href":"https:\/\/www.basika.fr\/blog\/wp-json\/wp\/v2\/media?parent=2523"}],"wp:term":[{"taxonomy":"category","embeddable":true,"href":"https:\/\/www.basika.fr\/blog\/wp-json\/wp\/v2\/categories?post=2523"},{"taxonomy":"post_tag","embeddable":true,"href":"https:\/\/www.basika.fr\/blog\/wp-json\/wp\/v2\/tags?post=2523"}],"curies":[{"name":"wp","href":"https:\/\/api.w.org\/{rel}","templated":true}]}}