{"id":2541,"date":"2021-12-30T10:00:59","date_gmt":"2021-12-30T09:00:59","guid":{"rendered":"http:\/\/www.basika.fr\/blog\/?p=2541"},"modified":"2022-01-05T15:56:40","modified_gmt":"2022-01-05T14:56:40","slug":"decoration-interieure-les-grandes-tendances-pour-2022","status":"publish","type":"post","link":"https:\/\/www.basika.fr\/blog\/decoration-interieure-les-grandes-tendances-pour-2022\/","title":{"rendered":"D\u00e9coration int\u00e9rieure : les grandes tendances pour 2022"},"content":{"rendered":"\n<p>L\u2019ann\u00e9e 2021 touche \u00e0 sa fin. La derni\u00e8re ligne droite avant les f\u00eates de No\u00ebl et de la saint-Sylvestre est entam\u00e9e et l\u2019heure est aux pr\u00e9paratifs. N\u00e9anmoins, le moment est \u00e9galement venu de s\u2019int\u00e9resser aux nouveaut\u00e9s pour nos int\u00e9rieurs en 2022. En effet, comme tous les ans, la d\u00e9coration est marqu\u00e9e par des modes et 2022 n\u2019y \u00e9chappe pas. Cette nouvelle ann\u00e9e n\u2019a pas encore commenc\u00e9, mais on sait d\u00e9j\u00e0 quelles seront les grandes tendances, celles que l\u2019on verra partout, tant dans les maisons et appartements que dans les magazines, et auxquelles nous risquons fort de succomber. Voici une petite s\u00e9lection de nos tendances pr\u00e9f\u00e9r\u00e9es pour 2022 en <strong>d\u00e9coration int\u00e9rieure<\/strong>&nbsp;!<\/p>\n\n\n\n<h2 class=\"wp-block-heading\">Les mat\u00e9riaux bruts mis \u00e0 l\u2019honneur<\/h2>\n\n\n\n<figure class=\"wp-block-image\"><img loading=\"lazy\" decoding=\"async\" width=\"800\" height=\"534\" src=\"https:\/\/www.basika.fr\/blog\/wp-content\/uploads\/decoration-interieure-tendance-2022.jpg\" alt=\"\" class=\"wp-image-2544\"\/><\/figure>\n\n\n\n<p>Au cours des prochains mois, les <strong>mati\u00e8res brutes et authentiques<\/strong> seront in\u00e9vitables. Elles font \u00e9cho aux besoins de bon nombre d\u2019entre nous qui, apr\u00e8s avoir connu plusieurs mois de confinement en 2020 et 2021, veulent un retour aux sources, et ont envie d\u2019une d\u00e9coration plus naturelle. Et le choix est large puisqu\u2019entre le bois massif, l\u2019acier, la terre cuite, le b\u00e9ton et la pierre, il y en a pour tous les budgets et pour tous les go\u00fbts. D\u2019autant que ces mat\u00e9riaux se d\u00e9clinent aussi bien sur des meubles (des tables, des \u00e9tag\u00e8res, des chaises par exemple) que sur des sols, des murs ou des objets tels que des vases et des statuettes. Et si en plus, ils sont le fruit du travail d\u2019artisans, c\u2019est la cerise sur le g\u00e2teau&nbsp;!<\/p>\n\n\n\n<h2 class=\"wp-block-heading\">Le grand retour du bleu Klein dans nos int\u00e9rieurs<\/h2>\n\n\n\n<p>En 2022, une <strong>couleur <\/strong>sera particuli\u00e8rement \u00e0 la mode. Ce n\u2019est pas la premi\u00e8re fois d\u2019ailleurs, mais elle revient doucement sur le devant de la sc\u00e8ne. Il s\u2019agit du bleu Klein, qui doit son nom \u00e0 son cr\u00e9ateur, l\u2019artiste fran\u00e7ais Yves Klein. Magn\u00e9tique et dynamique, cette teinte est id\u00e9ale pour donner davantage de caract\u00e8re \u00e0 une pi\u00e8ce, \u00e0 une d\u00e9coration. Pour l\u2019adopter, mieux vaut y aller par de petites touches, sur un <a href=\"https:\/\/www.basika.fr\/meuble-canapes-fixes-angle.htm\">canap\u00e9<\/a>, un fauteuil, des coussins ou sur un pan de mur par exemple. De m\u00eame, elle se marie tr\u00e8s bien avec du blanc, du gris, du jaune. Avec le bleu Klein, on plonge dans les ann\u00e9es 70 et on s\u2019offre une bouch\u00e9e d\u2019oxyg\u00e8ne particuli\u00e8rement agr\u00e9able apr\u00e8s des mois de morosit\u00e9. <\/p>\n\n\n\n<h2 class=\"wp-block-heading\">La simplicit\u00e9, incontournable pour cette nouvelle ann\u00e9e<\/h2>\n\n\n\n<p>Autre tendance phare en <strong>2022&nbsp;<\/strong>: le <a href=\"https:\/\/www.basika.fr\/blog\/cest-quoi-le-style-minimaliste-et-comment-ladopter-chez-soi\/\">style minimaliste<\/a>. Ainsi, la d\u00e9co int\u00e9rieure s\u2019all\u00e8ge et se d\u00e9barrasse du superflu. Mais cela ne signifie pas qu\u2019il faut tout retirer et se contenter du strict minimum. Il s\u2019agit davantage de revoir l\u2019organisation de son int\u00e9rieur et de miser sur des rangements, et un am\u00e9nagement plus astucieux. En d\u2019autres termes, on privil\u00e9gie les meubles aux lignes \u00e9pur\u00e9es et pratiques (avec des rangements par exemple) ou confortables. Simples en apparence, ils n\u2019en sont pas moins d\u00e9coratifs et \u00e9l\u00e9gants. La sobri\u00e9t\u00e9 est donc de rigueur afin de cr\u00e9er un int\u00e9rieur propice au bien-\u00eatre, apaisant, a\u00e9r\u00e9 et agr\u00e9able \u00e0 vivre. Et pour apporter de la convivialit\u00e9, le mobilier et la d\u00e9coration aux lignes organiques sont les bienvenus. Les formes sont plus irr\u00e9guli\u00e8res et rappellent celles de la nature. Une sinuosit\u00e9 qui pare de douceur une d\u00e9coration, et contribue \u00e0 procurer une sensation de calme. <\/p>\n\n\n\n<p>Et pour conclure ce tour d\u2019horizon de nos <strong>tendances <\/strong>favorites, sachez que le mix and match de couleurs sera aussi de la partie en 2022 ainsi que les suspensions XXL, qui sont parfaites pour habiller une pi\u00e8ce&nbsp;!<\/p>\n","protected":false},"excerpt":{"rendered":"<p>L\u2019ann\u00e9e 2021 touche \u00e0 sa fin. La derni\u00e8re ligne droite avant les f\u00eates de No\u00ebl et de la saint-Sylvestre est entam\u00e9e et l\u2019heure est aux pr\u00e9paratifs. N\u00e9anmoins, le moment est \u00e9galement venu de s\u2019int\u00e9resser aux nouveaut\u00e9s pour nos int\u00e9rieurs en 2022. En effet, comme tous les ans, la d\u00e9coration est marqu\u00e9e par des modes et<\/p>\n","protected":false},"author":1,"featured_media":0,"comment_status":"closed","ping_status":"closed","sticky":false,"template":"","format":"standard","meta":{"footnotes":""},"categories":[490],"tags":[],"class_list":["post-2541","post","type-post","status-publish","format-standard","hentry","category-tendances-deco"],"aioseo_notices":[],"amp_enabled":true,"_links":{"self":[{"href":"https:\/\/www.basika.fr\/blog\/wp-json\/wp\/v2\/posts\/2541","targetHints":{"allow":["GET"]}}],"collection":[{"href":"https:\/\/www.basika.fr\/blog\/wp-json\/wp\/v2\/posts"}],"about":[{"href":"https:\/\/www.basika.fr\/blog\/wp-json\/wp\/v2\/types\/post"}],"author":[{"embeddable":true,"href":"https:\/\/www.basika.fr\/blog\/wp-json\/wp\/v2\/users\/1"}],"replies":[{"embeddable":true,"href":"https:\/\/www.basika.fr\/blog\/wp-json\/wp\/v2\/comments?post=2541"}],"version-history":[{"count":2,"href":"https:\/\/www.basika.fr\/blog\/wp-json\/wp\/v2\/posts\/2541\/revisions"}],"predecessor-version":[{"id":2545,"href":"https:\/\/www.basika.fr\/blog\/wp-json\/wp\/v2\/posts\/2541\/revisions\/2545"}],"wp:attachment":[{"href":"https:\/\/www.basika.fr\/blog\/wp-json\/wp\/v2\/media?parent=2541"}],"wp:term":[{"taxonomy":"category","embeddable":true,"href":"https:\/\/www.basika.fr\/blog\/wp-json\/wp\/v2\/categories?post=2541"},{"taxonomy":"post_tag","embeddable":true,"href":"https:\/\/www.basika.fr\/blog\/wp-json\/wp\/v2\/tags?post=2541"}],"curies":[{"name":"wp","href":"https:\/\/api.w.org\/{rel}","templated":true}]}}