{"id":2689,"date":"2023-02-17T11:00:00","date_gmt":"2023-02-17T10:00:00","guid":{"rendered":"https:\/\/www.basika.fr\/blog\/?p=2689"},"modified":"2023-01-27T12:05:54","modified_gmt":"2023-01-27T11:05:54","slug":"comment-organiser-son-bureau-pour-la-rentree","status":"publish","type":"post","link":"https:\/\/www.basika.fr\/blog\/comment-organiser-son-bureau-pour-la-rentree\/","title":{"rendered":"<strong>Comment organiser son bureau pour la rentr\u00e9e\u00a0?<\/strong>"},"content":{"rendered":"\n<p>Avant la rentr\u00e9e de Septembre, les fournitures scolaires et le mat\u00e9riel informatique envahissent les rayons des magasins, et les nouvelles collections de mobilier et de petits \u00e9quipements de travail sortent. Le moment est donc id\u00e9al pour organiser son<a href=\"https:\/\/www.basika.fr\/bureau-meuble-informatique.htm\"> bureau pour la rentr\u00e9e<\/a>. En effet, le mois d\u2019ao\u00fbt n\u2019est pas encore termin\u00e9 et cela laisse le temps de tout pr\u00e9parer tranquillement, en particulier lorsque l\u2019on est en vacances. Ainsi, lorsque viendra la reprise du travail ou des \u00e9tudes, cet espace sera pr\u00eat, et propice \u00e0 la concentration, \u00e0 la r\u00e9flexion. Et si certains achats peuvent \u00eatre n\u00e9cessaires pour bien organiser son <strong>bureau <\/strong>pour la rentr\u00e9e, il est aussi possible de se d\u00e9brouiller avec les moyens du bord et de l\u2019am\u00e9nager \u00e0 moindres frais.<\/p>\n\n\n\n<h2 class=\"wp-block-heading\">Lui trouver l\u2019emplacement id\u00e9al pour bien travailler<\/h2>\n\n\n\n<p>Avant de d\u00e9placer des <strong>meubles <\/strong>et\/ou d\u2019en acheter de nouveaux pour organiser son bureau pour la rentr\u00e9e, il faut d\u2019abord choisir son emplacement, qui d\u00e9pend de plusieurs crit\u00e8res\u00a0:<\/p>\n\n\n\n<ul class=\"wp-block-list\">\n<li>de l\u2019espace disponible&nbsp;: une pi\u00e8ce \u00e0 part ou un coin dans une chambre, <a href=\"https:\/\/www.basika.fr\/meuble-salons.htm\">un salon <\/a>par exemple&nbsp;;<\/li>\n\n\n\n<li>des usages&nbsp;: t\u00e9l\u00e9travail, \u00e9tudes sup\u00e9rieures, devoirs \u00e0 l\u2019\u00e9cole, au coll\u00e8ge ou au lyc\u00e9e\u2026etc.&nbsp;;<\/li>\n\n\n\n<li>des pr\u00e9f\u00e9rences des utilisateurs.<\/li>\n<\/ul>\n\n\n\n<p>La configuration doit \u00eatre parfaite pour travailler, \u00e9tudier dans des conditions optimales, \u00e0 savoir au calme, dans un endroit lumineux, avec suffisamment de place pour garder quelques affaires \u00e0 port\u00e9e de main.<\/p>\n\n\n\n<p>Ensuite, quand l\u2019emplacement a \u00e9t\u00e9 trouv\u00e9, il faut faire le point sur les \u00e9quipements et accessoires n\u00e9cessaires. Faut-il acheter un nouvel ordinateur&nbsp;? <a href=\"https:\/\/www.basika.fr\/meuble-rangement-chambre.htm\">Des fournitures de rangement<\/a>, de travail&nbsp;? Remplacer une chaise&nbsp;? Fixer des \u00e9tag\u00e8res pour ranger des livres, des dossiers&nbsp;? Pour bien organiser son bureau pour la rentr\u00e9e, il vaut mieux lister les achats indispensables en amont, pour d\u00e9terminer le budget et avoir le temps de les acheter (voire recevoir) avant d\u2019am\u00e9nager cet espace. Ainsi, le jour J, tout est l\u00e0 et il n\u2019y a plus qu\u2019\u00e0 s\u2019occuper de la mise en place.<\/p>\n\n\n\n<h2 class=\"wp-block-heading\">Tri et rangement, deux \u00e9tapes essentielles pour une bonne organisation<\/h2>\n\n\n\n<p>Pour organiser son bureau pour la <strong>rentr\u00e9e<\/strong>, outre le choix de son emplacement, il faut faire du tri afin de partir sur de bonnes bases. Alors, on n\u2019h\u00e9site pas \u00e0 vider les tiroirs, les bo\u00eetes, les dossiers pour tout trier et ne garder que les \u00e9l\u00e9ments utiles, dont on se sert vraiment pour travailler. Idem pour les classeurs qui contiennent souvent de nombreux documents, qu\u2019il ne faut pas forc\u00e9ment garder ind\u00e9finiment. Trier n\u2019est certes pas l\u2019\u00e9tape la plus agr\u00e9able, mais elle est importante afin de mettre au point une organisation de travail efficace, et pour d\u00e9sencombrer l\u2019espace.<\/p>\n\n\n\n<p><a><\/a>Lorsque ce tri est termin\u00e9, il faut classer puis ranger les affaires ayant \u00e9t\u00e9 conserv\u00e9es. Pour cela, l\u2019achat de quelques rangements peut \u00eatre une bonne id\u00e9e pour personnaliser son bureau et en faire un lieu dans lequel on se sent bien, o\u00f9 l\u2019on a envie de travailler, d\u2019\u00e9tudier. Ou alors, pour \u00e9viter de nouvelles d\u00e9penses, en fabriquer ou d\u00e9tourner des objets de leur fonction premi\u00e8re. Par exemple, quelques planches de r\u00e9cup\u00e9ration peuvent se transformer en \u00e9tag\u00e8res \u00e0 fixer sur un mur ou en un support pour sur\u00e9lever un PC portable. Une jolie bo\u00eete en m\u00e9tal peut servir \u00e0 stocker des fournitures. Cela vaut aussi pour un petit panier en osier qui peut accueillir des chargeurs de t\u00e9l\u00e9phone et d\u2019ordinateur, un cache-pot qui peut devenir un pot \u00e0 crayons\u2026etc. Et pour trouver du mobilier de qualit\u00e9 et pas cher, il reste une solution&nbsp;: d\u00e9couvrir les collections disponibles sur notre boutique en ligne&nbsp;!<\/p>\n","protected":false},"excerpt":{"rendered":"<p>Avant la rentr\u00e9e de Septembre, les fournitures scolaires et le mat\u00e9riel informatique envahissent les rayons des magasins, et les nouvelles collections de mobilier et de petits \u00e9quipements de travail sortent. Le moment est donc id\u00e9al pour organiser son bureau pour la rentr\u00e9e. En effet, le mois d\u2019ao\u00fbt n\u2019est pas encore termin\u00e9 et cela laisse le<\/p>\n","protected":false},"author":1,"featured_media":0,"comment_status":"closed","ping_status":"closed","sticky":false,"template":"","format":"standard","meta":{"footnotes":""},"categories":[1],"tags":[],"class_list":["post-2689","post","type-post","status-publish","format-standard","hentry","category-non-classe"],"aioseo_notices":[],"amp_enabled":true,"_links":{"self":[{"href":"https:\/\/www.basika.fr\/blog\/wp-json\/wp\/v2\/posts\/2689","targetHints":{"allow":["GET"]}}],"collection":[{"href":"https:\/\/www.basika.fr\/blog\/wp-json\/wp\/v2\/posts"}],"about":[{"href":"https:\/\/www.basika.fr\/blog\/wp-json\/wp\/v2\/types\/post"}],"author":[{"embeddable":true,"href":"https:\/\/www.basika.fr\/blog\/wp-json\/wp\/v2\/users\/1"}],"replies":[{"embeddable":true,"href":"https:\/\/www.basika.fr\/blog\/wp-json\/wp\/v2\/comments?post=2689"}],"version-history":[{"count":1,"href":"https:\/\/www.basika.fr\/blog\/wp-json\/wp\/v2\/posts\/2689\/revisions"}],"predecessor-version":[{"id":2690,"href":"https:\/\/www.basika.fr\/blog\/wp-json\/wp\/v2\/posts\/2689\/revisions\/2690"}],"wp:attachment":[{"href":"https:\/\/www.basika.fr\/blog\/wp-json\/wp\/v2\/media?parent=2689"}],"wp:term":[{"taxonomy":"category","embeddable":true,"href":"https:\/\/www.basika.fr\/blog\/wp-json\/wp\/v2\/categories?post=2689"},{"taxonomy":"post_tag","embeddable":true,"href":"https:\/\/www.basika.fr\/blog\/wp-json\/wp\/v2\/tags?post=2689"}],"curies":[{"name":"wp","href":"https:\/\/api.w.org\/{rel}","templated":true}]}}