{"id":2743,"date":"2024-09-26T10:00:00","date_gmt":"2024-09-26T08:00:00","guid":{"rendered":"https:\/\/www.basika.fr\/blog\/?p=2743"},"modified":"2024-09-06T17:05:15","modified_gmt":"2024-09-06T15:05:15","slug":"ou-installer-son-meuble-tele","status":"publish","type":"post","link":"https:\/\/www.basika.fr\/blog\/ou-installer-son-meuble-tele\/","title":{"rendered":"O\u00f9 installer son meuble t\u00e9l\u00e9 ?"},"content":{"rendered":"\n<p>Bien choisir l\u2019emplacement d\u2019un meuble TV est tout un art&nbsp;! Faut-il le mettre au milieu du salon&nbsp;? Pas en face du canap\u00e9&nbsp;? En angle&nbsp;? Et o\u00f9 placer la t\u00e9l\u00e9 par rapport aux fen\u00eatres&nbsp;? Son installation peut vite devenir un casse-t\u00eate&nbsp;!<\/p>\n\n\n\n<p>Pour r\u00e9ussir l\u2019am\u00e9nagement de votre pi\u00e8ce et lui trouver la place id\u00e9ale, Basika vous aide en vous&nbsp;:<\/p>\n\n\n\n<ul class=\"wp-block-list\">\n<li>donnant quelques astuces\u00a0;<\/li>\n\n\n\n<li>vous expliquant quels sont les <strong>meilleurs emplacements pour un meuble t\u00e9l\u00e9<\/strong>\u00a0;<\/li>\n\n\n\n<li>indiquant les erreurs \u00e0 \u00e9viter.<\/li>\n<\/ul>\n\n\n\n<p>Alors n\u2019attendez plus&nbsp;! D\u00e9couvrez nos conseils pour am\u00e9nager un coin t\u00e9l\u00e9 dans un salon, et notre s\u00e9lection de mod\u00e8les en ligne !<\/p>\n\n\n\n<figure class=\"wp-block-image size-large\"><img loading=\"lazy\" decoding=\"async\" width=\"1024\" height=\"576\" src=\"https:\/\/www.basika.fr\/blog\/wp-content\/uploads\/cynthia_meubletv-1024x576.jpg\" alt=\"\" class=\"wp-image-2744\" srcset=\"https:\/\/www.basika.fr\/blog\/wp-content\/uploads\/cynthia_meubletv-1024x576.jpg 1024w, https:\/\/www.basika.fr\/blog\/wp-content\/uploads\/cynthia_meubletv-300x169.jpg 300w, https:\/\/www.basika.fr\/blog\/wp-content\/uploads\/cynthia_meubletv-768x432.jpg 768w, https:\/\/www.basika.fr\/blog\/wp-content\/uploads\/cynthia_meubletv-1536x864.jpg 1536w, https:\/\/www.basika.fr\/blog\/wp-content\/uploads\/cynthia_meubletv-2048x1152.jpg 2048w\" sizes=\"auto, (max-width: 1024px) 100vw, 1024px\" \/><\/figure>\n\n\n\n<h2 class=\"wp-block-heading\">Faut-il mettre sa t\u00e9l\u00e9 au milieu du salon\u00a0?<\/h2>\n\n\n\n<p>Mettre sa t\u00e9l\u00e9 au milieu du salon n\u2019est pas une mauvaise id\u00e9e, mais tout d\u00e9pend de la taille de la pi\u00e8ce. Si elle est petite, cela risque d\u2019\u00eatre encombrant et de g\u00eaner le passage.<\/p>\n\n\n\n<p>En revanche, si elle est grande et dispose d\u2019une belle hauteur sous plafond, cet am\u00e9nagement est appropri\u00e9. Dans ce cas, le <a href=\"https:\/\/www.basika.fr\/meuble-tv-design.htm\">meuble de t\u00e9l\u00e9vision<\/a> devient un \u00e9l\u00e9ment de d\u00e9co \u00e0 part enti\u00e8re, au m\u00eame titre que le canap\u00e9. Il peut \u00eatre suspendu, haut ou bas, peu importe, mais il faut qu\u2019il soit assorti \u00e0 la d\u00e9coration de la pi\u00e8ce. Son format et son volume doivent aussi proportionn\u00e9s \u00e0 la superficie du salon. &nbsp;<\/p>\n\n\n\n<h2 class=\"wp-block-heading\">O\u00f9 placer la t\u00e9l\u00e9 par rapport aux fen\u00eatres\u00a0?<\/h2>\n\n\n\n<p>Lors de l\u2019am\u00e9nagement du salon, on se demande souvent o\u00f9 placer la t\u00e9l\u00e9 par rapport aux fen\u00eatres. Id\u00e9alement&nbsp;:<\/p>\n\n\n\n<ul class=\"wp-block-list\">\n<li>Le <strong>meuble TV ne doit pas \u00eatre face aux fen\u00eatres<\/strong> car les reflets du soleil, de la lumi\u00e8re vont se poser sur l\u2019\u00e9cran, cr\u00e9er un contraste et vous g\u00eaner.<\/li>\n<\/ul>\n\n\n\n<ul class=\"wp-block-list\">\n<li>Le mettre juste \u00e0 <strong>c\u00f4t\u00e9 d\u2019une fen\u00eatre<\/strong> n\u2019est pas non plus le meilleur emplacement car la lumi\u00e8re risque d\u2019\u00eatre aveuglante lorsque le soleil brille.<\/li>\n<\/ul>\n\n\n\n<p>Alors o\u00f9 placer la t\u00e9l\u00e9 par rapport aux fen\u00eatres&nbsp;? En fait, il faut l\u2019installer <strong>perpendiculairement \u00e0 la lumi\u00e8re<\/strong>. Vous pouvez aussi ajouter des rideaux \u00e0 vos fen\u00eatres pour contr\u00f4ler la luminosit\u00e9 dans la pi\u00e8ce lorsque vous regardez votre \u00e9cran.<\/p>\n\n\n\n<h2 class=\"wp-block-heading\">Comment am\u00e9nager un coin t\u00e9l\u00e9 en angle\u00a0?<\/h2>\n\n\n\n<p>L\u2019installation d\u2019un <strong>coin t\u00e9l\u00e9 en angle<\/strong>, dans un salon, permet d\u2019occuper un espace souvent inutilis\u00e9, sans encombrer la pi\u00e8ce. Cet emplacement est donc parfait pour les superficies exigu\u00ebs, ou agenc\u00e9es de mani\u00e8re non-standard.&nbsp;<\/p>\n\n\n\n<p>Pour son am\u00e9nagement&nbsp;:<\/p>\n\n\n\n<ul class=\"wp-block-list\">\n<li>Vous avez besoin d\u2019un meuble TV en angle et bas\u00a0;<\/li>\n<\/ul>\n\n\n\n<ul class=\"wp-block-list\">\n<li>Si une fen\u00eatre se trouve \u00e0 proximit\u00e9, \u00e9quipez-la d\u2019un rideau pour \u00e9viter d\u2019\u00eatre \u00e9bloui par la lumi\u00e8re ext\u00e9rieure\u00a0;<\/li>\n<\/ul>\n\n\n\n<ul class=\"wp-block-list\">\n<li>Mettez votre <strong>canap\u00e9 en face<\/strong> pour \u00eatre install\u00e9 confortablement et regarder l\u2019\u00e9cran sans devoir tourner la t\u00eate car ce n\u2019est pas agr\u00e9able pour visionner un film, une s\u00e9rie ou autre programme.<\/li>\n<\/ul>\n\n\n\n<h2 class=\"wp-block-heading\">Quel est le meilleur emplacement pour un meuble TV dans un salon\u00a0?<\/h2>\n\n\n\n<p>Mettre sa t\u00e9l\u00e9 au milieu du salon, am\u00e9nager un coin TV en angle, o\u00f9 placer sa t\u00e9l\u00e9 par rapport aux fen\u00eatres\u2026 d\u00e9sormais vous avez plusieurs id\u00e9es pour l\u2019am\u00e9nagement de votre pi\u00e8ce. Alors pour trouver le meilleur emplacement pour votre meuble TV, retenez qu\u2019il doit&nbsp;\u00eatre&nbsp;:<\/p>\n\n\n\n<ul class=\"wp-block-list\">\n<li>Face au canap\u00e9 ou \u00e0 votre fauteuil\u00a0;<\/li>\n\n\n\n<li>Le long d\u2019un mur ou au milieu de la pi\u00e8ce, ou en angle pour une configuration plus atypique\u00a0;<\/li>\n\n\n\n<li>A au moins 2,5 m et au maximum 5 m face \u00e0 face avec votre canap\u00e9.<\/li>\n<\/ul>\n\n\n\n<p>Enfin, pensez \u00e0 d\u00e9terminer sa place dans la pi\u00e8ce avant son achat afin d\u2019adapter ses dimensions&nbsp;!<\/p>\n","protected":false},"excerpt":{"rendered":"<p>Bien choisir l\u2019emplacement d\u2019un meuble TV est tout un art&nbsp;! Faut-il le mettre au milieu du salon&nbsp;? Pas en face du canap\u00e9&nbsp;? En angle&nbsp;? Et o\u00f9 placer la t\u00e9l\u00e9 par rapport aux fen\u00eatres&nbsp;? Son installation peut vite devenir un casse-t\u00eate&nbsp;! Pour r\u00e9ussir l\u2019am\u00e9nagement de votre pi\u00e8ce et lui trouver la place id\u00e9ale, Basika vous aide<\/p>\n","protected":false},"author":1,"featured_media":0,"comment_status":"closed","ping_status":"closed","sticky":false,"template":"","format":"standard","meta":{"footnotes":""},"categories":[491],"tags":[],"class_list":["post-2743","post","type-post","status-publish","format-standard","hentry","category-nos-astuces"],"aioseo_notices":[],"amp_enabled":true,"_links":{"self":[{"href":"https:\/\/www.basika.fr\/blog\/wp-json\/wp\/v2\/posts\/2743","targetHints":{"allow":["GET"]}}],"collection":[{"href":"https:\/\/www.basika.fr\/blog\/wp-json\/wp\/v2\/posts"}],"about":[{"href":"https:\/\/www.basika.fr\/blog\/wp-json\/wp\/v2\/types\/post"}],"author":[{"embeddable":true,"href":"https:\/\/www.basika.fr\/blog\/wp-json\/wp\/v2\/users\/1"}],"replies":[{"embeddable":true,"href":"https:\/\/www.basika.fr\/blog\/wp-json\/wp\/v2\/comments?post=2743"}],"version-history":[{"count":1,"href":"https:\/\/www.basika.fr\/blog\/wp-json\/wp\/v2\/posts\/2743\/revisions"}],"predecessor-version":[{"id":2745,"href":"https:\/\/www.basika.fr\/blog\/wp-json\/wp\/v2\/posts\/2743\/revisions\/2745"}],"wp:attachment":[{"href":"https:\/\/www.basika.fr\/blog\/wp-json\/wp\/v2\/media?parent=2743"}],"wp:term":[{"taxonomy":"category","embeddable":true,"href":"https:\/\/www.basika.fr\/blog\/wp-json\/wp\/v2\/categories?post=2743"},{"taxonomy":"post_tag","embeddable":true,"href":"https:\/\/www.basika.fr\/blog\/wp-json\/wp\/v2\/tags?post=2743"}],"curies":[{"name":"wp","href":"https:\/\/api.w.org\/{rel}","templated":true}]}}