{"id":2746,"date":"2024-10-07T10:00:00","date_gmt":"2024-10-07T08:00:00","guid":{"rendered":"https:\/\/www.basika.fr\/blog\/?p=2746"},"modified":"2024-09-06T17:08:26","modified_gmt":"2024-09-06T15:08:26","slug":"quelle-est-la-hauteur-ideale-pour-un-meuble-tele","status":"publish","type":"post","link":"https:\/\/www.basika.fr\/blog\/quelle-est-la-hauteur-ideale-pour-un-meuble-tele\/","title":{"rendered":"Quelle est la hauteur id\u00e9ale pour un meuble t\u00e9l\u00e9 ?"},"content":{"rendered":"\n<p>Le choix d\u2019un meuble TV se fait selon diff\u00e9rents crit\u00e8res&nbsp;: son style, ses mat\u00e9riaux de fabrication, ses rangements, ses dimensions, son futur emplacement dans un salon\u2026 Il est souvent m\u00fbrement r\u00e9fl\u00e9chi. Mais qu\u2019en est-il de sa hauteur id\u00e9ale&nbsp;?<\/p>\n\n\n\n<p>En effet, ce crit\u00e8re est crucial pour le confort (visuel notamment), la fonctionnalit\u00e9 de ce mobilier et l\u2019agencement de la pi\u00e8ce. Or, il est fr\u00e9quent de faire attention \u00e0 la longueur et la largeur lorsqu\u2019on v\u00e9rifie les dimensions, sans forc\u00e9ment penser \u00e0 cette mesure.<\/p>\n\n\n\n<p>D\u00e8s lors, <strong>quelle hauteur id\u00e9ale pour un meuble TV<\/strong>&nbsp;? Faut-il qu\u2019il soit bas (entre 30 et 45 cm g\u00e9n\u00e9ralement)&nbsp;? Haut&nbsp;(entre 50 et 90 cm) ? Ou plut\u00f4t suspendu&nbsp;? Suivez nos conseils pour trouver le bon mod\u00e8le pour votre salon&nbsp;!&nbsp;<\/p>\n\n\n\n<figure class=\"wp-block-image size-large\"><img loading=\"lazy\" decoding=\"async\" width=\"1024\" height=\"717\" src=\"https:\/\/www.basika.fr\/blog\/wp-content\/uploads\/gina_meubletv-1024x717.jpg\" alt=\"\" class=\"wp-image-2747\" srcset=\"https:\/\/www.basika.fr\/blog\/wp-content\/uploads\/gina_meubletv-1024x717.jpg 1024w, https:\/\/www.basika.fr\/blog\/wp-content\/uploads\/gina_meubletv-300x210.jpg 300w, https:\/\/www.basika.fr\/blog\/wp-content\/uploads\/gina_meubletv-768x538.jpg 768w, https:\/\/www.basika.fr\/blog\/wp-content\/uploads\/gina_meubletv-1536x1075.jpg 1536w, https:\/\/www.basika.fr\/blog\/wp-content\/uploads\/gina_meubletv.jpg 1920w\" sizes=\"auto, (max-width: 1024px) 100vw, 1024px\" \/><\/figure>\n\n\n\n<h2 class=\"wp-block-heading\">Crit\u00e8res pour d\u00e9terminer la hauteur d\u2019un meuble TV<\/h2>\n\n\n\n<p>Aujourd\u2019hui, le <a href=\"https:\/\/www.basika.fr\/meuble-tv-design.htm\">meuble TV<\/a> est d\u00e9clin\u00e9 en de tr\u00e8s nombreux mod\u00e8les. Il peut \u00eatre en bois, laqu\u00e9, design, de style scandinave, minimaliste, suspendu, avec des pieds fins, des tiroirs\u2026etc. Ainsi, vous pouvez ais\u00e9ment d\u00e9nicher la perle rare pour votre salon. Mais un autre d\u00e9tail est important dans votre choix&nbsp;: quelle est la hauteur id\u00e9ale de ce mobilier&nbsp;?<\/p>\n\n\n\n<p>Plusieurs crit\u00e8res permettent de r\u00e9pondre \u00e0 cette question. Vous devez&nbsp;:<\/p>\n\n\n\n<ul class=\"wp-block-list\">\n<li>Pouvoir regarder l\u2019\u00e9cran <strong>sans lever ou baisser la t\u00eate<\/strong> lorsque vous \u00eates assis\u00a0;<\/li>\n\n\n\n<li>Passer facilement des fils derri\u00e8re pour assurer le branchement de votre t\u00e9l\u00e9 et de vos autres appareils (box, lecteur DVD par exemple)\u00a0;<\/li>\n\n\n\n<li>Acc\u00e9der ais\u00e9ment \u00e0 votre \u00e9cran\u00a0;<\/li>\n\n\n\n<li>Tenir compte de la <strong>dimension de votre t\u00e9l\u00e9<\/strong>.<\/li>\n<\/ul>\n\n\n\n<p>Sa taille doit \u00e9galement s\u2019int\u00e9grer visuellement dans votre mobilier pour cr\u00e9er une d\u00e9coration harmonieuse et un \u00e9quilibre. S\u2019il y a d\u2019importants \u00e9carts de proportion, cela risque d\u2019\u00eatre peu joli et d\u00e9coratif.<\/p>\n\n\n\n<h2 class=\"wp-block-heading\">Quelle hauteur pour votre confort visuel\u00a0?<\/h2>\n\n\n\n<p>La hauteur id\u00e9ale d\u2019un meuble TV d\u00e9pend avant tout de votre confort visuel.<\/p>\n\n\n\n<p>Lorsqu\u2019il est install\u00e9 dans un salon, il faut que le <strong>tiers sup\u00e9rieur de votre \u00e9cran<\/strong> soit au <strong>niveau de votre regard<\/strong>, quand vous \u00eates assis dans un canap\u00e9 ou un fauteuil.<\/p>\n\n\n\n<p>Une autre r\u00e8gle facile \u00e0 retenir peut vous aider dans votre choix&nbsp;:<\/p>\n\n\n\n<ul class=\"wp-block-list\">\n<li>Si votre t\u00e9l\u00e9vision est grande, votre meuble TV doit \u00eatre bas\u00a0;<\/li>\n\n\n\n<li>Si elle est petite, il doit \u00eatre haut.<\/li>\n<\/ul>\n\n\n\n<p>De m\u00eame, n\u2019oubliez pas que votre <strong>\u00e9cran doit \u00eatre face \u00e0 vous<\/strong> quand vous \u00eates assis afin de garder la t\u00eate droite. Si vous devez l\u2019incliner, la baisser ou la lever lorsque vous le regardez, cela risque fort d\u2019\u00eatre peu confortable.<\/p>\n\n\n\n<h2 class=\"wp-block-heading\">Meuble TV suspendu\u00a0: quelle est la hauteur id\u00e9ale\u00a0?<\/h2>\n\n\n\n<p>Si votre \u00e9cran de t\u00e9l\u00e9 est tr\u00e8s grand ou si vous avez un petit salon, le <strong>meuble TV suspendu <\/strong>s\u2019av\u00e8re un excellent choix. Il vous permet&nbsp;:<\/p>\n\n\n\n<ul class=\"wp-block-list\">\n<li>de gagner de la place puisqu\u2019il n\u2019encombre pas l\u2019espace au sol\u00a0;<\/li>\n\n\n\n<li>de donner une impression d\u2019ouverture visuelle, de l\u00e9g\u00e8ret\u00e9 dans la pi\u00e8ce.<\/li>\n<\/ul>\n\n\n\n<p>C\u2019est aussi une bonne id\u00e9e si vous avez des enfants en bas-\u00e2ge, ou des animaux de compagnie pour \u00e9viter qu\u2019ils s\u2019approchent de votre \u00e9cran et le rayent par exemple.<\/p>\n\n\n\n<p>Dans ce cas, la hauteur id\u00e9ale est de <strong>90 \u00e0 120 cm \u00e0 partir du sol.<\/strong><\/p>\n\n\n\n<p>Alors quel que soit votre choix, n\u2019oubliez pas de vous munir de votre m\u00e8tre pour prendre les dimensions&nbsp;et acheter le bon ! Sur notre site, vous profitez d\u2019ailleurs d\u2019une s\u00e9lection vari\u00e9e de mod\u00e8les dans diff\u00e9rents styles. N\u2019attendez plus pour les d\u00e9couvrir&nbsp;!<\/p>\n","protected":false},"excerpt":{"rendered":"<p>Le choix d\u2019un meuble TV se fait selon diff\u00e9rents crit\u00e8res&nbsp;: son style, ses mat\u00e9riaux de fabrication, ses rangements, ses dimensions, son futur emplacement dans un salon\u2026 Il est souvent m\u00fbrement r\u00e9fl\u00e9chi. Mais qu\u2019en est-il de sa hauteur id\u00e9ale&nbsp;? En effet, ce crit\u00e8re est crucial pour le confort (visuel notamment), la fonctionnalit\u00e9 de ce mobilier et<\/p>\n","protected":false},"author":1,"featured_media":0,"comment_status":"closed","ping_status":"closed","sticky":false,"template":"","format":"standard","meta":{"footnotes":""},"categories":[492],"tags":[],"class_list":["post-2746","post","type-post","status-publish","format-standard","hentry","category-guides-achats"],"aioseo_notices":[],"amp_enabled":true,"_links":{"self":[{"href":"https:\/\/www.basika.fr\/blog\/wp-json\/wp\/v2\/posts\/2746","targetHints":{"allow":["GET"]}}],"collection":[{"href":"https:\/\/www.basika.fr\/blog\/wp-json\/wp\/v2\/posts"}],"about":[{"href":"https:\/\/www.basika.fr\/blog\/wp-json\/wp\/v2\/types\/post"}],"author":[{"embeddable":true,"href":"https:\/\/www.basika.fr\/blog\/wp-json\/wp\/v2\/users\/1"}],"replies":[{"embeddable":true,"href":"https:\/\/www.basika.fr\/blog\/wp-json\/wp\/v2\/comments?post=2746"}],"version-history":[{"count":1,"href":"https:\/\/www.basika.fr\/blog\/wp-json\/wp\/v2\/posts\/2746\/revisions"}],"predecessor-version":[{"id":2748,"href":"https:\/\/www.basika.fr\/blog\/wp-json\/wp\/v2\/posts\/2746\/revisions\/2748"}],"wp:attachment":[{"href":"https:\/\/www.basika.fr\/blog\/wp-json\/wp\/v2\/media?parent=2746"}],"wp:term":[{"taxonomy":"category","embeddable":true,"href":"https:\/\/www.basika.fr\/blog\/wp-json\/wp\/v2\/categories?post=2746"},{"taxonomy":"post_tag","embeddable":true,"href":"https:\/\/www.basika.fr\/blog\/wp-json\/wp\/v2\/tags?post=2746"}],"curies":[{"name":"wp","href":"https:\/\/api.w.org\/{rel}","templated":true}]}}