{"id":2764,"date":"2024-11-25T15:46:02","date_gmt":"2024-11-25T14:46:02","guid":{"rendered":"https:\/\/www.basika.fr\/blog\/?p=2764"},"modified":"2024-11-25T15:46:03","modified_gmt":"2024-11-25T14:46:03","slug":"profitez-du-black-friday-chez-basika-pour-acheter-un-canape-pour-votre-salon","status":"publish","type":"post","link":"https:\/\/www.basika.fr\/blog\/profitez-du-black-friday-chez-basika-pour-acheter-un-canape-pour-votre-salon\/","title":{"rendered":"Profitez du Black Friday chez Basika pour acheter un canap\u00e9 pour votre salon\u00a0!"},"content":{"rendered":"\n<p>Vous avez envie de changer de canap\u00e9&nbsp;? D\u2019acheter de nouveaux meubles pour votre salon&nbsp;? Profitez du <strong>Black Friday<\/strong> pour vous \u00e9quiper&nbsp;!<\/p>\n\n\n\n<p>En effet, comme tous les ans, la fin du mois de novembre est marqu\u00e9e par des op\u00e9rations commerciales. Chez Basika, il s\u2019agit de la <strong>Black Weeks<\/strong> qui dure jusqu\u2019au 1<sup>er<\/sup> d\u00e9cembre 2024. Pendant quelques semaines, nous vous proposons des r\u00e9ductions tr\u00e8s int\u00e9ressantes sur diff\u00e9rents produits en vente sur notre boutique en ligne. Et cette ann\u00e9e, le <strong>canap\u00e9<\/strong> est au c\u0153ur de nos promotions&nbsp;! Fixe, convertible, relax, design\u2026 vous avez le choix entre plusieurs mod\u00e8les \u00e0 prix doux&nbsp;! Alors n\u2019attendez pas qu\u2019il soit trop tard&nbsp;! D\u00e9couvrez vite notre s\u00e9lection exclusive pour la Black Weeks (le Black Friday version Basika)&nbsp;!<\/p>\n\n\n\n<h2 class=\"wp-block-heading\">Le Black Friday, qu\u2019est-ce que c\u2019est\u00a0?<\/h2>\n\n\n\n<p>Cette op\u00e9ration nous vient des Etats-Unis et du Canada. Elle se d\u00e9roule le vendredi suivant Thanksgiving, qui a lieu le 4<sup>\u00e8me<\/sup> jeudi du mois de novembre. En 2024, le Black Friday (ou Vendredi&nbsp;Noir) est donc pr\u00e9vu le <strong>vendredi 29 novembre<\/strong>.<\/p>\n\n\n\n<p>Cette journ\u00e9e est en fait le point de d\u00e9part de la p\u00e9riode des achats pour les f\u00eates de fin d\u2019ann\u00e9e. A cette occasion, des remises \u2013 parfois tr\u00e8s importantes \u2013 sont propos\u00e9es par les commer\u00e7ants am\u00e9ricains et canadiens.<\/p>\n\n\n\n<p>Arriv\u00e9e il y a une dizaine d\u2019ann\u00e9es en France, cette journ\u00e9e traditionnelle de promotions a d\u2019abord connu le succ\u00e8s sur Internet. Puis, petit \u00e0 petit, les grandes enseignes et commer\u00e7ants ont adopt\u00e9 cette pratique. Le terme \u00ab&nbsp;Black Friday&nbsp;\u00bb reste tr\u00e8s utilis\u00e9, m\u00eame s\u2019il est fr\u00e9quent que les <strong>offres ne durent pas uniquement une journ\u00e9e<\/strong>. Chez Basika, nous avons choisi l\u2019expression \u00ab&nbsp;Black Weeks&nbsp;\u00bb pour d\u00e9signer cette op\u00e9ration, qui dure plusieurs semaines, et concerne divers produits de notre site, dont notre gamme de canap\u00e9s et meubles de salon.&nbsp;&nbsp;<\/p>\n\n\n\n<h2 class=\"wp-block-heading\">Pourquoi profiter du Black Friday et de la Black Weeks de Basika pour acheter un canap\u00e9\u00a0?<\/h2>\n\n\n\n<p>Avec la Black Weeks de Basika, vous pouvez vous offrir un beau <a href=\"https:\/\/www.basika.fr\/meuble-canapes-fixes-angle.htm\">canap\u00e9<\/a> \u00e0 prix r\u00e9duit&nbsp;! Les r\u00e9ductions varient selon les mod\u00e8les, mais elles vous permettent de faire des \u00e9conomies et vous faire plaisir, quel que soit votre budget.<\/p>\n\n\n\n<p>Cette op\u00e9ration est donc id\u00e9ale pour&nbsp;:<\/p>\n\n\n\n<ol class=\"wp-block-list\">\n<li>\u00c9quiper votre salon avec un <strong>canap\u00e9 convertible ou fixe<\/strong> confortable, design et de belle qualit\u00e9\u00a0;<\/li>\n\n\n\n<li>Remplacer le v\u00f4tre s\u2019il est ab\u00eem\u00e9, ou s\u2019il ne r\u00e9pond plus \u00e0 vos attentes\u00a0;<\/li>\n\n\n\n<li>En acheter un autre pour une chambre d\u2019ami, ou une autre pi\u00e8ce de votre maison ou appartement. \u00a0<\/li>\n<\/ol>\n\n\n\n<p>Avec les <strong>promotions<\/strong> disponibles sur notre site pour le \u00ab&nbsp;Vendredi Noir&nbsp;\u00bb, le mod\u00e8le de vos r\u00eaves est \u00e0 votre port\u00e9e&nbsp;! Or, leur dur\u00e9e \u00e9tant limit\u00e9e dans le temps, ne tardez pas&nbsp;! Si vous avez rep\u00e9r\u00e9 un divan qui vous pla\u00eet, ajoutez-le vite \u00e0 votre panier avant qu\u2019il n\u2019y en ait plus ! Avec les prix propos\u00e9s lors de cette op\u00e9ration, les stocks partent vite.<\/p>\n\n\n\n<h2 class=\"wp-block-heading\">Canap\u00e9 fixe, canap\u00e9 convertible\u2026 quels sont les mod\u00e8les en promo\u00a0?<\/h2>\n\n\n\n<figure class=\"wp-block-image size-large\"><img loading=\"lazy\" decoding=\"async\" width=\"1024\" height=\"576\" src=\"https:\/\/www.basika.fr\/blog\/wp-content\/uploads\/tony_canape_angle_convertible-1024x576.jpeg\" alt=\"\" class=\"wp-image-2765\" srcset=\"https:\/\/www.basika.fr\/blog\/wp-content\/uploads\/tony_canape_angle_convertible-1024x576.jpeg 1024w, https:\/\/www.basika.fr\/blog\/wp-content\/uploads\/tony_canape_angle_convertible-300x169.jpeg 300w, https:\/\/www.basika.fr\/blog\/wp-content\/uploads\/tony_canape_angle_convertible-768x432.jpeg 768w, https:\/\/www.basika.fr\/blog\/wp-content\/uploads\/tony_canape_angle_convertible-1536x864.jpeg 1536w, https:\/\/www.basika.fr\/blog\/wp-content\/uploads\/tony_canape_angle_convertible.jpeg 1920w\" sizes=\"auto, (max-width: 1024px) 100vw, 1024px\" \/><\/figure>\n\n\n\n<p>La Black Weeks de Basika est la p\u00e9riode propice \u00e0 l\u2019achat d\u2019un <a href=\"https:\/\/www.basika.fr\/meuble-canapes-convertibles.htm\">canap\u00e9 convertible<\/a> ou fixe. Sur notre boutique en ligne, diff\u00e9rents mod\u00e8les b\u00e9n\u00e9ficient de remises&nbsp;:<\/p>\n\n\n\n<ul class=\"wp-block-list\">\n<li>Relax \u00e0 <strong>3 places<\/strong> pour toujours plus de confort\u00a0;<\/li>\n\n\n\n<li>Design pour un <strong>salon contemporain<\/strong>\u00a0;<\/li>\n\n\n\n<li>De style scandinave avec 3 places et des pieds en bois\u00a0;<\/li>\n\n\n\n<li>D\u2019<strong>angle \u00e0 gauche ou droite <\/strong>et convertible pour avoir un couchage suppl\u00e9mentaire\u00a0;<\/li>\n\n\n\n<li>D\u2019angle r\u00e9versible.<\/li>\n<\/ul>\n\n\n\n<p>Le canap\u00e9-lit fait \u00e9galement partie de notre s\u00e9lection de <strong>meubles de salon en promo pour le Black Friday,<\/strong> qui est tr\u00e8s pratique dans un petit espace. Vous \u00eates int\u00e9ress\u00e9&nbsp;? D\u00e9couvrez vite nos offres en ligne&nbsp;!<\/p>\n","protected":false},"excerpt":{"rendered":"<p>Vous avez envie de changer de canap\u00e9&nbsp;? D\u2019acheter de nouveaux meubles pour votre salon&nbsp;? Profitez du Black Friday pour vous \u00e9quiper&nbsp;! En effet, comme tous les ans, la fin du mois de novembre est marqu\u00e9e par des op\u00e9rations commerciales. Chez Basika, il s\u2019agit de la Black Weeks qui dure jusqu\u2019au 1er d\u00e9cembre 2024. Pendant quelques<\/p>\n","protected":false},"author":1,"featured_media":0,"comment_status":"closed","ping_status":"closed","sticky":false,"template":"","format":"standard","meta":{"footnotes":""},"categories":[1],"tags":[],"class_list":["post-2764","post","type-post","status-publish","format-standard","hentry","category-non-classe"],"aioseo_notices":[],"amp_enabled":true,"_links":{"self":[{"href":"https:\/\/www.basika.fr\/blog\/wp-json\/wp\/v2\/posts\/2764","targetHints":{"allow":["GET"]}}],"collection":[{"href":"https:\/\/www.basika.fr\/blog\/wp-json\/wp\/v2\/posts"}],"about":[{"href":"https:\/\/www.basika.fr\/blog\/wp-json\/wp\/v2\/types\/post"}],"author":[{"embeddable":true,"href":"https:\/\/www.basika.fr\/blog\/wp-json\/wp\/v2\/users\/1"}],"replies":[{"embeddable":true,"href":"https:\/\/www.basika.fr\/blog\/wp-json\/wp\/v2\/comments?post=2764"}],"version-history":[{"count":1,"href":"https:\/\/www.basika.fr\/blog\/wp-json\/wp\/v2\/posts\/2764\/revisions"}],"predecessor-version":[{"id":2766,"href":"https:\/\/www.basika.fr\/blog\/wp-json\/wp\/v2\/posts\/2764\/revisions\/2766"}],"wp:attachment":[{"href":"https:\/\/www.basika.fr\/blog\/wp-json\/wp\/v2\/media?parent=2764"}],"wp:term":[{"taxonomy":"category","embeddable":true,"href":"https:\/\/www.basika.fr\/blog\/wp-json\/wp\/v2\/categories?post=2764"},{"taxonomy":"post_tag","embeddable":true,"href":"https:\/\/www.basika.fr\/blog\/wp-json\/wp\/v2\/tags?post=2764"}],"curies":[{"name":"wp","href":"https:\/\/api.w.org\/{rel}","templated":true}]}}