{"id":2767,"date":"2024-11-25T16:18:09","date_gmt":"2024-11-25T15:18:09","guid":{"rendered":"https:\/\/www.basika.fr\/blog\/?p=2767"},"modified":"2024-11-25T16:18:10","modified_gmt":"2024-11-25T15:18:10","slug":"des-meubles-a-prix-doux-pour-votre-chambre-avec-le-black-friday","status":"publish","type":"post","link":"https:\/\/www.basika.fr\/blog\/des-meubles-a-prix-doux-pour-votre-chambre-avec-le-black-friday\/","title":{"rendered":"Des meubles \u00e0 prix doux pour votre chambre avec le Black Friday\u00a0!"},"content":{"rendered":"\n<p>Avec le <strong>Black Friday<\/strong>, vous pouvez d\u00e9corer votre chambre au meilleur prix&nbsp;! C\u2019est d\u2019ailleurs la p\u00e9riode id\u00e9ale pour acheter une armoire, une commode ou changer de lit sans d\u00e9passer votre budget&nbsp;!<\/p>\n\n\n\n<p>En effet, cette op\u00e9ration commerciale venue tout droit des Etats-Unis et du Canada se d\u00e9roule chaque ann\u00e9e fin novembre, pendant une journ\u00e9e. En 2024, c\u2019est le vendredi 29 novembre.<\/p>\n\n\n\n<p>Sur notre boutique en ligne Basika, sa dur\u00e9e est rallong\u00e9e puisque nous vous proposons des promotions sur du mobilier durant quelques semaines. Il s\u2019agit de notre \u00ab&nbsp;<strong>Black Weeks<\/strong>&nbsp;\u00bb, dont la fin est pr\u00e9vue le 1<sup>er<\/sup> d\u00e9cembre 2024. Alors ne perdez plus de temps&nbsp;! D\u00e9couvrez d\u00e8s maintenant notre s\u00e9lection de meubles en promo, et profitez-en pour rendre votre chambre plus confortable et fonctionnelle&nbsp;!<\/p>\n\n\n\n<h2 class=\"wp-block-heading\">Black Friday\u00a0ou Vendredi Noir\u00a0: qu\u2019est-ce que c\u2019est\u00a0?<\/h2>\n\n\n\n<p>Cet \u00e9v\u00e9nement commercial trouve son origine aux Etats-Unis et au Canada. Il a lieu chaque ann\u00e9e le lendemain de Thanksgiving, qui est f\u00eat\u00e9 le 4<sup>\u00e8me<\/sup> jeudi du mois de novembre. Pendant une journ\u00e9e, les commer\u00e7ants am\u00e9ricains et canadiens proposent des <strong>remises sur de nombreux produits<\/strong>. Le Black Friday \u2013 Vendredi Noir en fran\u00e7ais \u2013 marque aussi le lancement des achats pour No\u00ebl.<\/p>\n\n\n\n<p>En France, cette op\u00e9ration a fait son apparition sur Internet il y a une dizaine d\u2019ann\u00e9es. Les d\u00e9buts ont \u00e9t\u00e9 timides puis, rapidement, les consommateurs et les enseignes ont saisi les opportunit\u00e9s offertes par le Black Friday. Les magasins sont aujourd\u2019hui nombreux \u00e0 proposer, \u00e0 cette occasion, des promotions, bien que le concept initial de cette op\u00e9ration ait \u00e9volu\u00e9. Ainsi, d\u00e9sormais, il est fr\u00e9quent qu\u2019elle dure plus d\u2019une journ\u00e9e.<\/p>\n\n\n\n<p>Chez Basika, elle s\u2019\u00e9tale sur <strong>plusieurs semaines<\/strong>. C\u2019est pourquoi nous l\u2019avons intitul\u00e9e \u00ab&nbsp;Black Weeks&nbsp;\u00bb. Tous les ans, nous s\u00e9lectionnons des produits sur notre site (<a href=\"https:\/\/www.basika.fr\/meuble-tv-design.htm\">meuble tv<\/a>, canap\u00e9, armoire, table basse, lit, commode, chaise\u2026etc.), qui b\u00e9n\u00e9ficient de remises attractives. Et cette ann\u00e9e, nous mettons \u00e0 l\u2019honneur le mobilier de chambre&nbsp;! &nbsp;<\/p>\n\n\n\n<h2 class=\"wp-block-heading\">Pourquoi acheter des meubles pour votre chambre lors du Black Friday ?<\/h2>\n\n\n\n<p>Le <strong>confort dans une chambre<\/strong> est primordial pour s\u2019y sentir bien, et dormir paisiblement. Le lit est, sans aucun doute, le meuble incontournable. Mais ce n\u2019est pas le seul. On y trouve aussi des tables de chevet, une commode, une armoire, un bureau \u2026etc.<\/p>\n\n\n\n<p>\u00c9quiper cette pi\u00e8ce demande donc un certain budget. Avec la Black Weeks de Basika, vous pouvez la meubler \u00e0 votre go\u00fbt, sans d\u00e9penser une fortune&nbsp;! Gr\u00e2ce \u00e0 nos <strong>r\u00e9ductions<\/strong>, l\u2019achat de mobilier est \u00e0 la port\u00e9e de toutes les bourses&nbsp;! Cette op\u00e9ration est aussi le bon moment pour&nbsp;:<\/p>\n\n\n\n<ul class=\"wp-block-list\">\n<li>Ajouter de nouveaux rangements avec une commode, une <a href=\"https:\/\/www.basika.fr\/meuble-armoires.htm\">armoire Black Friday<\/a> \u00e0 prix pas cher ;<\/li>\n\n\n\n<li>Remplacer un lit\u00a0;<\/li>\n\n\n\n<li>Compl\u00e9ter son am\u00e9nagement avec un meuble TV si vous aimez regarder vos s\u00e9ries et \u00e9missions pr\u00e9f\u00e9r\u00e9es au lit, ou une <a href=\"https:\/\/www.basika.fr\/table-basse-pas-cher.htm\">table basse<\/a> pour cr\u00e9er un coin d\u00e9tente et cocooning.<\/li>\n<\/ul>\n\n\n\n<h2 class=\"wp-block-heading\">Armoire, commode, chevet\u2026 d\u00e9couvrez la s\u00e9lection Basika pour la Black Weeks\u00a0!<\/h2>\n\n\n\n<figure class=\"wp-block-image size-large\"><img loading=\"lazy\" decoding=\"async\" width=\"1024\" height=\"683\" src=\"https:\/\/www.basika.fr\/blog\/wp-content\/uploads\/sogno_lit-1024x683.jpeg\" alt=\"\" class=\"wp-image-2768\" srcset=\"https:\/\/www.basika.fr\/blog\/wp-content\/uploads\/sogno_lit-1024x683.jpeg 1024w, https:\/\/www.basika.fr\/blog\/wp-content\/uploads\/sogno_lit-300x200.jpeg 300w, https:\/\/www.basika.fr\/blog\/wp-content\/uploads\/sogno_lit-768x512.jpeg 768w, https:\/\/www.basika.fr\/blog\/wp-content\/uploads\/sogno_lit-1536x1024.jpeg 1536w, https:\/\/www.basika.fr\/blog\/wp-content\/uploads\/sogno_lit-2048x1366.jpeg 2048w\" sizes=\"auto, (max-width: 1024px) 100vw, 1024px\" \/><\/figure>\n\n\n\n<p>Nos offres pour le Black Friday \u00e9voluent chaque ann\u00e9e. Cette fois, nous vous proposons une <strong>belle s\u00e9lection de meubles pour la chambre<\/strong>&nbsp;:<\/p>\n\n\n\n<ul class=\"wp-block-list\">\n<li>Des armoires design, avec une ou plusieurs portes, pour ranger vos v\u00eatements\u00a0;<\/li>\n\n\n\n<li>Des commodes aux lignes modernes avec des tiroirs\u00a0;<\/li>\n\n\n\n<li>Des tables de chevet contemporaines ou scandinaves\u00a0;<\/li>\n\n\n\n<li>Des fauteuils pour vos moments de d\u00e9tente, de lecture\u00a0;<\/li>\n\n\n\n<li>Des tables basses pour d\u00e9poser vos petites affaires\u00a0;<\/li>\n\n\n\n<li>Des bureaux pour t\u00e9l\u00e9travailler ou \u00e9tudier dans des conditions optimales\u00a0;<\/li>\n\n\n\n<li>De jolis meubles TV qui peuvent accueillir un \u00e9cran d\u2019ordinateur pour visionner des films au chaud sous la couette.<\/li>\n<\/ul>\n\n\n\n<p>Vous voulez en savoir plus&nbsp;? N\u2019attendez plus pour d\u00e9couvrir les <strong>promotions de Basika pour la Black Weeks<\/strong>&nbsp;!<\/p>\n","protected":false},"excerpt":{"rendered":"<p>Avec le Black Friday, vous pouvez d\u00e9corer votre chambre au meilleur prix&nbsp;! C\u2019est d\u2019ailleurs la p\u00e9riode id\u00e9ale pour acheter une armoire, une commode ou changer de lit sans d\u00e9passer votre budget&nbsp;! En effet, cette op\u00e9ration commerciale venue tout droit des Etats-Unis et du Canada se d\u00e9roule chaque ann\u00e9e fin novembre, pendant une journ\u00e9e. En 2024,<\/p>\n","protected":false},"author":1,"featured_media":0,"comment_status":"closed","ping_status":"closed","sticky":false,"template":"","format":"standard","meta":{"footnotes":""},"categories":[1],"tags":[],"class_list":["post-2767","post","type-post","status-publish","format-standard","hentry","category-non-classe"],"aioseo_notices":[],"amp_enabled":true,"_links":{"self":[{"href":"https:\/\/www.basika.fr\/blog\/wp-json\/wp\/v2\/posts\/2767","targetHints":{"allow":["GET"]}}],"collection":[{"href":"https:\/\/www.basika.fr\/blog\/wp-json\/wp\/v2\/posts"}],"about":[{"href":"https:\/\/www.basika.fr\/blog\/wp-json\/wp\/v2\/types\/post"}],"author":[{"embeddable":true,"href":"https:\/\/www.basika.fr\/blog\/wp-json\/wp\/v2\/users\/1"}],"replies":[{"embeddable":true,"href":"https:\/\/www.basika.fr\/blog\/wp-json\/wp\/v2\/comments?post=2767"}],"version-history":[{"count":1,"href":"https:\/\/www.basika.fr\/blog\/wp-json\/wp\/v2\/posts\/2767\/revisions"}],"predecessor-version":[{"id":2769,"href":"https:\/\/www.basika.fr\/blog\/wp-json\/wp\/v2\/posts\/2767\/revisions\/2769"}],"wp:attachment":[{"href":"https:\/\/www.basika.fr\/blog\/wp-json\/wp\/v2\/media?parent=2767"}],"wp:term":[{"taxonomy":"category","embeddable":true,"href":"https:\/\/www.basika.fr\/blog\/wp-json\/wp\/v2\/categories?post=2767"},{"taxonomy":"post_tag","embeddable":true,"href":"https:\/\/www.basika.fr\/blog\/wp-json\/wp\/v2\/tags?post=2767"}],"curies":[{"name":"wp","href":"https:\/\/api.w.org\/{rel}","templated":true}]}}