{"id":2783,"date":"2025-01-27T10:15:11","date_gmt":"2025-01-27T09:15:11","guid":{"rendered":"https:\/\/www.basika.fr\/blog\/?p=2783"},"modified":"2025-01-22T10:19:28","modified_gmt":"2025-01-22T09:19:28","slug":"decouvrez-le-buffet-bois-et-noir-un-meuble-elegant-au-style-industriel","status":"publish","type":"post","link":"https:\/\/www.basika.fr\/blog\/decouvrez-le-buffet-bois-et-noir-un-meuble-elegant-au-style-industriel\/","title":{"rendered":"D\u00e9couvrez le buffet bois et noir, un meuble \u00e9l\u00e9gant au style industriel\u00a0!"},"content":{"rendered":"\n<p>Le buffet bois et noir, bas ou haut, est aujourd\u2019hui une r\u00e9f\u00e9rence en d\u00e9coration&nbsp;! Contemporain et minimaliste, il associe une couleur \u00e9l\u00e9gante et intemporelle, et un mat\u00e9riau ind\u00e9modable et chaleureux. Aussi utile dans une cuisine qu\u2019un s\u00e9jour ou une salle \u00e0 manger, il se caract\u00e9rise par sa <strong>belle capacit\u00e9 de rangement<\/strong>, et son esth\u00e9tisme.<\/p>\n\n\n\n<p>Qu\u2019il soit relook\u00e9, industriel ou scandinave, il ne passe pas inaper\u00e7u et trouve sa place dans toutes les d\u00e9corations. Facile \u00e0 assortir, il vous accompagne au quotidien et vous aide \u00e0 garder un espace bien ordonn\u00e9 en accueillant votre vaisselle, vos affaires. Alors n\u2019h\u00e9sitez plus&nbsp;! Adoptez-le chez vous et d\u00e9couvrez la s\u00e9lection disponible sur notre site Basika&nbsp;!<\/p>\n\n\n\n<h2 class=\"wp-block-heading\">Pourquoi opter pour un buffet bois et noir ?<\/h2>\n\n\n\n<figure class=\"wp-block-image size-large\"><img loading=\"lazy\" decoding=\"async\" width=\"1024\" height=\"576\" src=\"https:\/\/www.basika.fr\/blog\/wp-content\/uploads\/bahut_noir_bois_kaszimiro-1024x576.jpg\" alt=\"Bahut industriel noir et bois Kaszimiro\" class=\"wp-image-2784\" srcset=\"https:\/\/www.basika.fr\/blog\/wp-content\/uploads\/bahut_noir_bois_kaszimiro-1024x576.jpg 1024w, https:\/\/www.basika.fr\/blog\/wp-content\/uploads\/bahut_noir_bois_kaszimiro-300x169.jpg 300w, https:\/\/www.basika.fr\/blog\/wp-content\/uploads\/bahut_noir_bois_kaszimiro-768x432.jpg 768w, https:\/\/www.basika.fr\/blog\/wp-content\/uploads\/bahut_noir_bois_kaszimiro-1536x864.jpg 1536w, https:\/\/www.basika.fr\/blog\/wp-content\/uploads\/bahut_noir_bois_kaszimiro.jpg 1920w\" sizes=\"auto, (max-width: 1024px) 100vw, 1024px\" \/><\/figure>\n\n\n\n<p>Ce meuble offre un \u00e9quilibre parfait entre la chaleur du bois et la modernit\u00e9, la sobri\u00e9t\u00e9 du noir. Sa couleur sombre cr\u00e9e un contraste avec la luminosit\u00e9 et l\u2019aspect convivial de ce mat\u00e9riau. Un mariage r\u00e9ussi, qui permet au <strong>buffet haut ou bas<\/strong> de s\u2019int\u00e9grer ais\u00e9ment \u00e0 votre d\u00e9coration, quel que soit son style, et \u00e0 votre mobilier. Par exemple, il va tr\u00e8s bien avec un canap\u00e9 et des fauteuils en cuir ou en velours, des chaises en tissu, une table en verre ou encore, une table basse avec un pied dor\u00e9.<\/p>\n\n\n\n<p>Dans une pi\u00e8ce, sa pr\u00e9sence ajoute une touche sophistiqu\u00e9e. A lui seul, il habille l\u2019espace. Vous pouvez le placer contre un mur, sous une fen\u00eatre s\u2019il est bas, ou accrocher au-dessus un miroir ou un cadre s\u2019il s\u2019agit d\u2019un meuble haut.<\/p>\n\n\n\n<h2 class=\"wp-block-heading\">Quels sont les diff\u00e9rents types de buffet bois et noir ?<\/h2>\n\n\n\n<p>Sur notre boutique en ligne, le <a href=\"https:\/\/www.basika.fr\/meuble-bahuts-livings.htm\">buffet bois et noir<\/a> \u2013 relook\u00e9 ou plus \u00e9pur\u00e9 \u2013 est d\u00e9clin\u00e9 en diff\u00e9rentes versions pour convenir \u00e0 tous les go\u00fbts et toutes les envies&nbsp;:<\/p>\n\n\n\n<ul class=\"wp-block-list\">\n<li><strong>Noir et bois<\/strong>, une combinaison \u00e9l\u00e9gante qui va avec tout\u00a0;<\/li>\n\n\n\n<li><strong>Noir et bois industriel<\/strong>, il donne une ambiance loft, atelier \u00e0 votre d\u00e9co tout en ayant un aspect robuste\u00a0;<\/li>\n\n\n\n<li><strong>Haut<\/strong>, c\u2019est une solution pratique pour maximiser le rangement vertical\u00a0;<\/li>\n\n\n\n<li><strong>Bas<\/strong>, c\u2019est le meuble compact et fonctionnel par excellence, id\u00e9al pour les petits espaces.<\/li>\n\n\n\n<li>Le buffet relook\u00e9 noir et bois pour une d\u00e9co unique<\/li>\n<\/ul>\n\n\n\n<p>Avec un buffet relook\u00e9, vous cassez les codes&nbsp;! Si vous voulez une d\u00e9co personnalis\u00e9, que l\u2019on ne voit pas partout, c\u2019est le mod\u00e8le \u00e0 acheter sur notre site&nbsp;! Original, il poss\u00e8de un <strong>air vintage ou DIY<\/strong> qui le rend unique. Il combine durabilit\u00e9 avec le bois, et cr\u00e9ativit\u00e9 avec ses touches de noir stylis\u00e9es. Et contrairement aux id\u00e9es re\u00e7ues, il est <strong>facile \u00e0 assortir<\/strong> avec du mobilier plus classique ou design.<\/p>\n\n\n\n<h2 class=\"wp-block-heading\">Le buffet bois et noir dans la cuisine<\/h2>\n\n\n\n<p>Ce meuble n\u2019est pas r\u00e9serv\u00e9 au salon ou \u00e0 la salle \u00e0 manger. Dans une cuisine, il s\u2019av\u00e8re une <strong>option moderne et pratique<\/strong> pour ranger vos ustensiles, vos plats et vos petits appareils, et ainsi les retrouver rapidement. Cela vous \u00e9vite d\u2019encombrer vos placards, et son plateau peut \u00eatre utilis\u00e9&nbsp;par exemple :<\/p>\n\n\n\n<ul class=\"wp-block-list\">\n<li>En plan de travail\u00a0;<\/li>\n\n\n\n<li>Pour ranger des livres de recettes\u00a0;<\/li>\n\n\n\n<li>Pour poser une cafeti\u00e8re, une bouilloire, un grille-pain.<\/li>\n<\/ul>\n\n\n\n<p>De plus, sa combinaison de couleurs s\u2019harmonise avec tous les styles de d\u00e9co de cuisine. <\/p>\n\n\n\n<h2 class=\"wp-block-heading\">Un meuble embl\u00e9matique du style industriel<\/h2>\n\n\n\n<p>Le <strong>buffet bois et noir<\/strong>, relook\u00e9, haut ou bas, repr\u00e9sente parfaitement le style industriel. Ses mat\u00e9riaux bruts, ses lignes et son authenticit\u00e9 donnent du caract\u00e8re \u00e0 votre salon, cuisine ou salle \u00e0 manger. Il rend votre d\u00e9co moderne et audacieuse, mais facile \u00e0 vivre. Et cet aspect industriel a beau \u00eatre tr\u00e8s marqu\u00e9, on ne s\u2019en lasse pas. Alors si vous \u00eates s\u00e9duit par ce meuble, n\u2019attendez plus\u00a0! Faites-vous plaisir en le commandant sur notre boutique en ligne\u00a0! <em><br><br><\/em><\/p>\n","protected":false},"excerpt":{"rendered":"<p>Le buffet bois et noir, bas ou haut, est aujourd\u2019hui une r\u00e9f\u00e9rence en d\u00e9coration&nbsp;! Contemporain et minimaliste, il associe une couleur \u00e9l\u00e9gante et intemporelle, et un mat\u00e9riau ind\u00e9modable et chaleureux. Aussi utile dans une cuisine qu\u2019un s\u00e9jour ou une salle \u00e0 manger, il se caract\u00e9rise par sa belle capacit\u00e9 de rangement, et son esth\u00e9tisme. Qu\u2019il<\/p>\n","protected":false},"author":1,"featured_media":0,"comment_status":"closed","ping_status":"closed","sticky":false,"template":"","format":"standard","meta":{"footnotes":""},"categories":[1],"tags":[],"class_list":["post-2783","post","type-post","status-publish","format-standard","hentry","category-non-classe"],"aioseo_notices":[],"amp_enabled":true,"_links":{"self":[{"href":"https:\/\/www.basika.fr\/blog\/wp-json\/wp\/v2\/posts\/2783","targetHints":{"allow":["GET"]}}],"collection":[{"href":"https:\/\/www.basika.fr\/blog\/wp-json\/wp\/v2\/posts"}],"about":[{"href":"https:\/\/www.basika.fr\/blog\/wp-json\/wp\/v2\/types\/post"}],"author":[{"embeddable":true,"href":"https:\/\/www.basika.fr\/blog\/wp-json\/wp\/v2\/users\/1"}],"replies":[{"embeddable":true,"href":"https:\/\/www.basika.fr\/blog\/wp-json\/wp\/v2\/comments?post=2783"}],"version-history":[{"count":1,"href":"https:\/\/www.basika.fr\/blog\/wp-json\/wp\/v2\/posts\/2783\/revisions"}],"predecessor-version":[{"id":2785,"href":"https:\/\/www.basika.fr\/blog\/wp-json\/wp\/v2\/posts\/2783\/revisions\/2785"}],"wp:attachment":[{"href":"https:\/\/www.basika.fr\/blog\/wp-json\/wp\/v2\/media?parent=2783"}],"wp:term":[{"taxonomy":"category","embeddable":true,"href":"https:\/\/www.basika.fr\/blog\/wp-json\/wp\/v2\/categories?post=2783"},{"taxonomy":"post_tag","embeddable":true,"href":"https:\/\/www.basika.fr\/blog\/wp-json\/wp\/v2\/tags?post=2783"}],"curies":[{"name":"wp","href":"https:\/\/api.w.org\/{rel}","templated":true}]}}