{"id":2788,"date":"2025-04-02T10:48:55","date_gmt":"2025-04-02T08:48:55","guid":{"rendered":"https:\/\/www.basika.fr\/blog\/?p=2788"},"modified":"2025-04-02T10:48:56","modified_gmt":"2025-04-02T08:48:56","slug":"comment-decorer-son-sejour-dans-le-style-scandinave-en-2025","status":"publish","type":"post","link":"https:\/\/www.basika.fr\/blog\/comment-decorer-son-sejour-dans-le-style-scandinave-en-2025\/","title":{"rendered":"Comment d\u00e9corer son s\u00e9jour dans le style scandinave en 2025\u00a0?"},"content":{"rendered":"\n<p>En d\u00e9coration, le <strong>design scandinave<\/strong> reste une valeur s\u00fbre&nbsp;en 2025 ! Plus qu\u2019une tendance, ce style s\u2019est impos\u00e9 dans nos int\u00e9rieurs depuis plusieurs ann\u00e9es maintenant. Venu des pays nordiques, il convient \u00e0 toutes les pi\u00e8ces, dont le s\u00e9jour, et se reconna\u00eet \u00e0&nbsp;:<\/p>\n\n\n\n<ul class=\"wp-block-list\">\n<li>Ses lignes \u00e9pur\u00e9es&nbsp;;<\/li>\n\n\n\n<li>Ses meubles fonctionnels et esth\u00e9tiques, tels un meuble TV et un buffet avec des rangements, un canap\u00e9 en tissu, une chaise en velours avec un pi\u00e8tement noir.<\/li>\n<\/ul>\n\n\n\n<p>En effet, dans cet espace o\u00f9 l\u2019on aime se retrouver et se d\u00e9tendre, il permet de cr\u00e9er une <strong>atmosph\u00e8re apaisante, chaleureuse<\/strong> et propice au bien-\u00eatre. Il transforme cette pi\u00e8ce en un lieu ressour\u00e7ant, o\u00f9 il fait bon vivre et recevoir ses proches. Ainsi, malgr\u00e9 son minimalisme, ce <strong>style d\u00e9coratif<\/strong> est id\u00e9al pour donner de la chaleur \u00e0 un s\u00e9jour&nbsp;! Mais pour bien l\u2019adopter en 2025, il faut&nbsp;:<\/p>\n\n\n\n<ul class=\"wp-block-list\">\n<li>Rappeler les codes du design scandinave&nbsp;;<\/li>\n\n\n\n<li>Conna\u00eetre le mobilier indispensable pour am\u00e9nager cet espace d\u2019un appartement ou d\u2019une maison.<\/li>\n<\/ul>\n\n\n\n<p>Du buffet au canap\u00e9 en passant par le meuble TV en bois fonc\u00e9 et les chaises de table, Basika vous aide \u00e0 l\u2019am\u00e9nager \u00e0 petit prix&nbsp;!<\/p>\n\n\n\n<h2 class=\"wp-block-heading\">Qu\u2019est-ce que le design scandinave\u00a0? A quoi le reconna\u00eet-on\u00a0?<\/h2>\n\n\n\n<figure class=\"wp-block-gallery has-nested-images columns-default is-cropped wp-block-gallery-1 is-layout-flex wp-block-gallery-is-layout-flex\">\n<figure class=\"wp-block-image size-large is-style-default\"><img loading=\"lazy\" decoding=\"async\" width=\"1024\" height=\"576\" data-id=\"2790\" src=\"https:\/\/www.basika.fr\/blog\/wp-content\/uploads\/table_adrian-1024x576.jpg\" alt=\"Table de repas scandinave, table blanc et bois, table design nordique, table moderne pas ch\u00e8re, table style scandinave\" class=\"wp-image-2790\" srcset=\"https:\/\/www.basika.fr\/blog\/wp-content\/uploads\/table_adrian-1024x576.jpg 1024w, https:\/\/www.basika.fr\/blog\/wp-content\/uploads\/table_adrian-300x169.jpg 300w, https:\/\/www.basika.fr\/blog\/wp-content\/uploads\/table_adrian-768x432.jpg 768w, https:\/\/www.basika.fr\/blog\/wp-content\/uploads\/table_adrian-1536x864.jpg 1536w, https:\/\/www.basika.fr\/blog\/wp-content\/uploads\/table_adrian.jpg 1920w\" sizes=\"auto, (max-width: 1024px) 100vw, 1024px\" \/><\/figure>\n<\/figure>\n\n\n\n<p>Le design scandinave se caract\u00e9rise principalement par sa simplicit\u00e9. Cela signifie que les meubles&nbsp;sont :<\/p>\n\n\n\n<ul class=\"wp-block-list\">\n<li>\u00c9pur\u00e9s&nbsp;;<\/li>\n\n\n\n<li>Fonctionnels et donc utiles, avec des rangements ;<\/li>\n\n\n\n<li>Authentiques&nbsp;;<\/li>\n\n\n\n<li>Durables.<\/li>\n<\/ul>\n\n\n\n<p>Pour les couleurs, ce style mise avant tout sur des <strong>teintes neutres<\/strong> (gris, blanc par exemple) et <strong>pastel<\/strong> dont bleu, vert, rose et jaune, qui donnent de la lumi\u00e8re dans une pi\u00e8ce, tel le s\u00e9jour. Il ne faut pas oublier qu\u2019il vient des pays nordiques, qui connaissent des hivers tr\u00e8s froids et peu lumineux. C\u2019est d\u2019ailleurs pour cela que cette d\u00e9co est aussi chaleureuse, et se focalise sur l\u2019harmonie, qui favorise le bien-\u00eatre.<\/p>\n\n\n\n<p>Les formes g\u00e9om\u00e9triques occupent aussi une place importante dans le design scandinave, que l\u2019on retrouve sur le <strong>mobilier du s\u00e9jour<\/strong>, comme&nbsp;:<\/p>\n\n\n\n<ul class=\"wp-block-list\">\n<li>Un meuble TV carr\u00e9 en bois fonc\u00e9&nbsp;;<\/li>\n\n\n\n<li>Un buffet avec des poign\u00e9es ou empi\u00e8cements en losange&nbsp;;<\/li>\n\n\n\n<li>Un canap\u00e9 aux formes arrondies&nbsp;;<\/li>\n\n\n\n<li>Une chaise en velours ou en tissu orn\u00e9 de motifs g\u00e9om\u00e9triques tels des triangles.<\/li>\n<\/ul>\n\n\n\n<p>Inspir\u00e9 par la nature, ce style met en avant des <strong>mati\u00e8res et mat\u00e9riaux naturels<\/strong>&nbsp;: bois fonc\u00e9 ou clair, laine, pierre\u2026etc.<\/p>\n\n\n\n<h2 class=\"wp-block-heading\">Quels sont les meubles incontournables pour un s\u00e9jour scandinave en 2025\u00a0?<\/h2>\n\n\n\n<p>Vous avez envie de mettre votre s\u00e9jour \u00e0 l\u2019heure nordique en le d\u00e9corant dans un design scandinave&nbsp;? Sur notre boutique en ligne Basika, vous trouvez tout le mobilier embl\u00e9matique de ce style \u00e0 des prix abordables&nbsp;! Vous pouvez notamment acheter&nbsp;:<\/p>\n\n\n\n<ul class=\"wp-block-list\">\n<li>Un <strong>meuble TV en bois fonc\u00e9<\/strong> avec un plateau et des pieds noirs, ou en bois clair associ\u00e9 \u00e0 du beige, et avec des rangements&nbsp;;<\/li>\n<\/ul>\n\n\n\n<ul class=\"wp-block-list\">\n<li>Un <strong>buffet<\/strong> \u00e0 3 portes aux angles arrondis, \u00e0 4 portes dans un format rectangulaire ou avec des tiroirs et quelques touches de noir&nbsp;;<\/li>\n<\/ul>\n\n\n\n<ul class=\"wp-block-list\">\n<li>Une table de repas extensible avec des <strong>chaises \u00e0 accoudoir<\/strong> en tissu tout doux ou en velours&nbsp;;<\/li>\n<\/ul>\n\n\n\n<ul class=\"wp-block-list\">\n<li>Un <strong>canap\u00e9<\/strong> avec des pieds en bois dans le plus pur style scandinave et en tissu vert pastel, beige, gris clair, bleu canard ou rose&nbsp;;<\/li>\n<\/ul>\n\n\n\n<ul class=\"wp-block-list\">\n<li>Une <strong>biblioth\u00e8que en bois<\/strong>&nbsp;ou des \u00e9tag\u00e8res si vous manquez de place dans votre pi\u00e8ce.<\/li>\n<\/ul>\n\n\n\n<p>Alors n\u2019attendez plus pour d\u00e9couvrir nos collections inspir\u00e9es de ce design nordique, et <strong>am\u00e9nager votre s\u00e9jour<\/strong> avec un meuble TV, un canap\u00e9 et du mobilier de qualit\u00e9 \u00e0 des prix accessibles !<\/p>\n","protected":false},"excerpt":{"rendered":"<p>En d\u00e9coration, le design scandinave reste une valeur s\u00fbre&nbsp;en 2025 ! Plus qu\u2019une tendance, ce style s\u2019est impos\u00e9 dans nos int\u00e9rieurs depuis plusieurs ann\u00e9es maintenant. Venu des pays nordiques, il convient \u00e0 toutes les pi\u00e8ces, dont le s\u00e9jour, et se reconna\u00eet \u00e0&nbsp;: En effet, dans cet espace o\u00f9 l\u2019on aime se retrouver et se d\u00e9tendre,<\/p>\n","protected":false},"author":1,"featured_media":0,"comment_status":"closed","ping_status":"closed","sticky":false,"template":"","format":"standard","meta":{"footnotes":""},"categories":[1],"tags":[],"class_list":["post-2788","post","type-post","status-publish","format-standard","hentry","category-non-classe"],"aioseo_notices":[],"amp_enabled":true,"_links":{"self":[{"href":"https:\/\/www.basika.fr\/blog\/wp-json\/wp\/v2\/posts\/2788","targetHints":{"allow":["GET"]}}],"collection":[{"href":"https:\/\/www.basika.fr\/blog\/wp-json\/wp\/v2\/posts"}],"about":[{"href":"https:\/\/www.basika.fr\/blog\/wp-json\/wp\/v2\/types\/post"}],"author":[{"embeddable":true,"href":"https:\/\/www.basika.fr\/blog\/wp-json\/wp\/v2\/users\/1"}],"replies":[{"embeddable":true,"href":"https:\/\/www.basika.fr\/blog\/wp-json\/wp\/v2\/comments?post=2788"}],"version-history":[{"count":1,"href":"https:\/\/www.basika.fr\/blog\/wp-json\/wp\/v2\/posts\/2788\/revisions"}],"predecessor-version":[{"id":2791,"href":"https:\/\/www.basika.fr\/blog\/wp-json\/wp\/v2\/posts\/2788\/revisions\/2791"}],"wp:attachment":[{"href":"https:\/\/www.basika.fr\/blog\/wp-json\/wp\/v2\/media?parent=2788"}],"wp:term":[{"taxonomy":"category","embeddable":true,"href":"https:\/\/www.basika.fr\/blog\/wp-json\/wp\/v2\/categories?post=2788"},{"taxonomy":"post_tag","embeddable":true,"href":"https:\/\/www.basika.fr\/blog\/wp-json\/wp\/v2\/tags?post=2788"}],"curies":[{"name":"wp","href":"https:\/\/api.w.org\/{rel}","templated":true}]}}