{"id":288,"date":"2013-11-19T17:15:47","date_gmt":"2013-11-19T16:15:47","guid":{"rendered":"https:\/\/www.basika.fr\/blog\/?p=288"},"modified":"2021-02-05T10:15:06","modified_gmt":"2021-02-05T09:15:06","slug":"decouvrez-les-tables-de-cuisine-modulables","status":"publish","type":"post","link":"https:\/\/www.basika.fr\/blog\/decouvrez-les-tables-de-cuisine-modulables\/","title":{"rendered":"D\u00e9couvrez les tables de cuisine modulables"},"content":{"rendered":"<p style=\"text-align: justify;\">Qui n\u2019a pas r\u00eav\u00e9 d\u2019une cuisine parfaitement am\u00e9nag\u00e9e avec des placards et des tiroirs \u00e0 volont\u00e9 pour ranger tout son \u00e9lectrom\u00e9nager et ses accessoires\u00a0? Et qui n\u2019a pas r\u00eav\u00e9 d\u2019un \u00eelot central pour y pr\u00e9parer de bons petits repas\u00a0? Le probl\u00e8me est que pour beaucoup, ce r\u00eave est impossible \u00e0 r\u00e9aliser quand on poss\u00e8de une simple petite cuisine de 7m\u00b2\u00a0ou encore juste une kitchenette de studio. C\u2019est \u00e0 peine si vous pouvez y poser des plaques de cuisson, un r\u00e9frig\u00e9rateur, un four et y ranger vos courses\u00a0! Lorsque vous habitez un petit logement, c\u2019est d\u00e9j\u00e0 LE r\u00eave que de pouvoir y placer une table et de s\u2019y asseoir pour prendre son petit d\u00e9jeuner sans se cogner aux autres meubles !<\/p>\n<p style=\"text-align: justify;\"><!--more--><\/p>\n<p style=\"text-align: center;\"><img loading=\"lazy\" decoding=\"async\" class=\"aligncenter\" src=\"http:\/\/www.basika.fr\/photos\/100007807-1\/tables-de-cuisine-filamento.jpg\" alt=\"\" width=\"355\" height=\"271\" \/><\/p>\n<p style=\"text-align: justify;\">Pourtant, certains fabricants ont trouv\u00e9 de vraies solutions pour l\u2019<strong>am\u00e9nagement des petites cuisines<\/strong>. Et les <strong>tables de cuisine modulables<\/strong> semblent \u00eatre la solution id\u00e9ale. De quoi s\u2019agit-il\u00a0? Tout simplement de tables de cuisine am\u00e9nageables dans de petits espaces. Ce sont des tables, g\u00e9n\u00e9ralement \u00e0 monter soi-m\u00eame, qui permettent de gagner de la place ou du moins d\u2019en perdre le moins possible. Elles sont modulables dans le sens o\u00f9 elles peuvent par exemple se plier (et elles pr\u00e9sentent donc aussi souvent des rallonges) et se fermer, ou alors elles sont \u00e9quip\u00e9es de roulettes permettant de les d\u00e9placer ais\u00e9ment ainsi que de tabourets int\u00e9gr\u00e9s.<\/p>\n<p style=\"text-align: justify;\">Sur le site sp\u00e9cialiste du mobilier pas cher Basika.fr, vous pourrez trouver ce genre de <a title=\"table de cuisine modulable\" href=\"http:\/\/www.basika.fr\/meuble-tables-de-cuisine.htm\" target=\"_blank\" rel=\"noopener noreferrer\">tables de cuisine<\/a> \u00e0 des prix discount.<\/p>\n<p>&nbsp;<\/p>\n<p>&nbsp;<\/p>\n","protected":false},"excerpt":{"rendered":"<p>Qui n\u2019a pas r\u00eav\u00e9 d\u2019une cuisine parfaitement am\u00e9nag\u00e9e avec des placards et des tiroirs \u00e0 volont\u00e9 pour ranger tout son \u00e9lectrom\u00e9nager et ses accessoires\u00a0? Et qui n\u2019a pas r\u00eav\u00e9 d\u2019un \u00eelot central pour y pr\u00e9parer de bons petits repas\u00a0? Le probl\u00e8me est que pour beaucoup, ce r\u00eave est impossible \u00e0 r\u00e9aliser quand on poss\u00e8de une<\/p>\n","protected":false},"author":1,"featured_media":0,"comment_status":"closed","ping_status":"open","sticky":false,"template":"","format":"standard","meta":{"footnotes":""},"categories":[490],"tags":[142],"class_list":["post-288","post","type-post","status-publish","format-standard","hentry","category-tendances-deco","tag-table-de-cuisine-modulable"],"aioseo_notices":[],"amp_enabled":true,"_links":{"self":[{"href":"https:\/\/www.basika.fr\/blog\/wp-json\/wp\/v2\/posts\/288","targetHints":{"allow":["GET"]}}],"collection":[{"href":"https:\/\/www.basika.fr\/blog\/wp-json\/wp\/v2\/posts"}],"about":[{"href":"https:\/\/www.basika.fr\/blog\/wp-json\/wp\/v2\/types\/post"}],"author":[{"embeddable":true,"href":"https:\/\/www.basika.fr\/blog\/wp-json\/wp\/v2\/users\/1"}],"replies":[{"embeddable":true,"href":"https:\/\/www.basika.fr\/blog\/wp-json\/wp\/v2\/comments?post=288"}],"version-history":[{"count":4,"href":"https:\/\/www.basika.fr\/blog\/wp-json\/wp\/v2\/posts\/288\/revisions"}],"predecessor-version":[{"id":2404,"href":"https:\/\/www.basika.fr\/blog\/wp-json\/wp\/v2\/posts\/288\/revisions\/2404"}],"wp:attachment":[{"href":"https:\/\/www.basika.fr\/blog\/wp-json\/wp\/v2\/media?parent=288"}],"wp:term":[{"taxonomy":"category","embeddable":true,"href":"https:\/\/www.basika.fr\/blog\/wp-json\/wp\/v2\/categories?post=288"},{"taxonomy":"post_tag","embeddable":true,"href":"https:\/\/www.basika.fr\/blog\/wp-json\/wp\/v2\/tags?post=288"}],"curies":[{"name":"wp","href":"https:\/\/api.w.org\/{rel}","templated":true}]}}