{"id":317,"date":"2013-12-26T16:00:36","date_gmt":"2013-12-26T15:00:36","guid":{"rendered":"https:\/\/www.basika.fr\/blog\/?p=317"},"modified":"2014-12-11T21:47:07","modified_gmt":"2014-12-11T20:47:07","slug":"quelle-couleur-pour-mon-mobilier","status":"publish","type":"post","link":"https:\/\/www.basika.fr\/blog\/quelle-couleur-pour-mon-mobilier\/","title":{"rendered":"Quelle couleur pour mon mobilier ?"},"content":{"rendered":"<p style=\"text-align: justify;\">Vous voulez rendre votre salon le plus accueillant possible avec un <a title=\"mobilier moderne\" href=\"http:\/\/www.basika.fr\/\" target=\"_blank\">mobilier moderne<\/a> et styl\u00e9. Il vous faut pour cela choisir des couleurs qui sauront aller parfaitement avec votre int\u00e9rieur.<\/p>\n<p style=\"text-align: justify;\"><!--more--><\/p>\n<h3 style=\"text-align: justify;\"><strong>Choisir selon la taille du meuble<\/strong><\/h3>\n<p style=\"text-align: center;\"><strong><img loading=\"lazy\" decoding=\"async\" class=\"aligncenter\" src=\"http:\/\/www.basika.fr\/photos\/100034656-2\/vitrines-etageres-lathi-56.jpg\" alt=\"\" width=\"360\" height=\"228\" \/><br \/>\n<\/strong><\/p>\n<p style=\"text-align: justify;\">Si vous avez dans votre salon un meuble de taille importante, mieux vaut qu\u2019il se fonde dans le d\u00e9cor. Cela apportera de l\u2019harmonie dans la d\u00e9coration. De plus, un meuble qui contraste avec vos couleurs para\u00eetrait plus imposant, plus encombrant. En revanche, si vous avez des meubles de petite taille, vous pouvez les faire contraster avec votre peinture. Cela aura pour effet de donner une touche artistique \u00e0 votre int\u00e9rieur. Opter pour un mobilier design, c\u2019est se donner un espace chaleureux pour accueillir ses invit\u00e9s.<\/p>\n<h3 style=\"text-align: justify;\"><strong>Les plus beaux coloris<\/strong><\/h3>\n<p style=\"text-align: justify;\">Le salon est sans doute l\u2019espace o\u00f9 vous s\u00e9journez le plus pour discuter, regarder la t\u00e9l\u00e9vision\u2026 Sa d\u00e9coration et celle du mobilier doivent se faire avec des couleurs relativement neutres pour ne pas confiner l\u2019espace. Un mobilier design gris tirant sur le blanc fera sans doute l\u2019affaire. Si vous voulez cr\u00e9er un contraste, il faut tenir compte de l\u2019\u00e9clairage du salon et ne pas mettre un mobilier avec des couleurs vives. Le contraste ne doit pas \u00eatre trop important par rapport \u00e0 la couleur du mur. Ainsi, pour harmoniser votre <strong>mobilier moderne <\/strong>et votre int\u00e9rieur, il faut choisir des couleurs voisines sur le cercle chromatique (violet, bleu, vert). Si vous optez pour le contraste, les couleurs en opposition sur le cercle chromatique sont les mieux adapt\u00e9es (rouge, bleu, jaune).<\/p>\n","protected":false},"excerpt":{"rendered":"<p>Vous voulez rendre votre salon le plus accueillant possible avec un mobilier moderne et styl\u00e9. Il vous faut pour cela choisir des couleurs qui sauront aller parfaitement avec votre int\u00e9rieur.<\/p>\n","protected":false},"author":1,"featured_media":0,"comment_status":"closed","ping_status":"open","sticky":false,"template":"","format":"standard","meta":{"footnotes":""},"categories":[1],"tags":[157],"class_list":["post-317","post","type-post","status-publish","format-standard","hentry","category-non-classe","tag-coloris-mobilier"],"aioseo_notices":[],"amp_enabled":true,"_links":{"self":[{"href":"https:\/\/www.basika.fr\/blog\/wp-json\/wp\/v2\/posts\/317","targetHints":{"allow":["GET"]}}],"collection":[{"href":"https:\/\/www.basika.fr\/blog\/wp-json\/wp\/v2\/posts"}],"about":[{"href":"https:\/\/www.basika.fr\/blog\/wp-json\/wp\/v2\/types\/post"}],"author":[{"embeddable":true,"href":"https:\/\/www.basika.fr\/blog\/wp-json\/wp\/v2\/users\/1"}],"replies":[{"embeddable":true,"href":"https:\/\/www.basika.fr\/blog\/wp-json\/wp\/v2\/comments?post=317"}],"version-history":[{"count":3,"href":"https:\/\/www.basika.fr\/blog\/wp-json\/wp\/v2\/posts\/317\/revisions"}],"predecessor-version":[{"id":319,"href":"https:\/\/www.basika.fr\/blog\/wp-json\/wp\/v2\/posts\/317\/revisions\/319"}],"wp:attachment":[{"href":"https:\/\/www.basika.fr\/blog\/wp-json\/wp\/v2\/media?parent=317"}],"wp:term":[{"taxonomy":"category","embeddable":true,"href":"https:\/\/www.basika.fr\/blog\/wp-json\/wp\/v2\/categories?post=317"},{"taxonomy":"post_tag","embeddable":true,"href":"https:\/\/www.basika.fr\/blog\/wp-json\/wp\/v2\/tags?post=317"}],"curies":[{"name":"wp","href":"https:\/\/api.w.org\/{rel}","templated":true}]}}