{"id":33,"date":"2013-04-18T11:45:05","date_gmt":"2013-04-18T09:45:05","guid":{"rendered":"https:\/\/www.basika.fr\/blog\/?p=33"},"modified":"2014-12-10T23:22:08","modified_gmt":"2014-12-10T22:22:08","slug":"promotion-un-salon-de-jardin-pour-cet-ete","status":"publish","type":"post","link":"https:\/\/www.basika.fr\/blog\/promotion-un-salon-de-jardin-pour-cet-ete\/","title":{"rendered":"Promotion : un salon de jardin pour cet \u00e9t\u00e9 !"},"content":{"rendered":"<p>Le printemps est la p\u00e9riode de l\u2019ann\u00e9e id\u00e9ale pour am\u00e9nager votre terrasse. En effet, si vous voulez profiter de votre jardin ou de votre balcon d\u00e8s l\u2019arriv\u00e9e des beaux jours, nous vous conseillons de vous y prendre sans attendre\u00a0! En plus, en ce moment, il y a de belles promotions sur le <a title=\"salon de jardin Papeete\" href=\"http:\/\/www.basika.fr\/meuble\/papeete-salon-de-jardin\/100024989.htm\">salon de jardin<\/a> Papeete\u00a0: c\u2019est vraiment le moment de vous faire plaisir\u00a0!<\/p>\n<p><!--more--><\/p>\n<h3><strong>Du mobilier de jardin contemporain sur Basika<\/strong><\/h3>\n<p><strong> <\/strong><\/p>\n<p>Si vous voulez profiter pleinement de l\u2019\u00e9t\u00e9, le <strong>mobilier de jardin<\/strong> est tout simplement indispensable. Imaginez-vous sur votre terrasse en train de passer un agr\u00e9able moment en famille. Cet achat ne doit donc pas se faire au hasard\u00a0: en effet, il faut que vous choisissiez un mod\u00e8le en coh\u00e9rence avec vos go\u00fbts et le style de votre maison. Par exemple, si vous aimez les ambiances modernes, vous serez forc\u00e9ment int\u00e9ress\u00e9 par notre salon de jardin Papeete\u00a0! En plus, gr\u00e2ce \u00e0 Basika, vous allez pouvoir vous faire plaisir sans vous ruiner\u00a0: en effet, nous vous proposons des produits avec un excellent rapport qualit\u00e9\/prix\u00a0!<\/p>\n<p><strong> <\/strong><\/p>\n<h3><strong>Le salon de jardin Papeete<\/strong><\/h3>\n<p>Ce <strong>salon de jardin<\/strong> est en promotion jusqu\u2019au 28 avril 2013\u00a0: vous pouvez l\u2019acheter au prix de 299\u20ac au lieu de 359\u20ac\u00a0! Il se compose d\u2019un canap\u00e9, de deux fauteuils et d\u2019une table basse munie d\u2019un plateau en verre tremp\u00e9. Comme votre confort est essentiel, des coussins d\u2019assise sont fournis avec le mobilier. En plus d\u2019\u00eatre esth\u00e9tique et confortable, ce salon de jardin est tr\u00e8s r\u00e9sistant et facile \u00e0 entretenir\u00a0!<\/p>\n<p>&nbsp;<\/p>\n<p>&nbsp;<\/p>\n","protected":false},"excerpt":{"rendered":"<p>Le printemps est la p\u00e9riode de l\u2019ann\u00e9e id\u00e9ale pour am\u00e9nager votre terrasse. En effet, si vous voulez profiter de votre jardin ou de votre balcon d\u00e8s l\u2019arriv\u00e9e des beaux jours, nous vous conseillons de vous y prendre sans attendre\u00a0! En plus, en ce moment, il y a de belles promotions sur le salon de jardin<\/p>\n","protected":false},"author":1,"featured_media":0,"comment_status":"closed","ping_status":"open","sticky":false,"template":"","format":"standard","meta":{"footnotes":""},"categories":[1],"tags":[14,12,13],"class_list":["post-33","post","type-post","status-publish","format-standard","hentry","category-non-classe","tag-mobilier-de-jardin","tag-promotion-2","tag-salon-de-jardin"],"aioseo_notices":[],"amp_enabled":true,"_links":{"self":[{"href":"https:\/\/www.basika.fr\/blog\/wp-json\/wp\/v2\/posts\/33","targetHints":{"allow":["GET"]}}],"collection":[{"href":"https:\/\/www.basika.fr\/blog\/wp-json\/wp\/v2\/posts"}],"about":[{"href":"https:\/\/www.basika.fr\/blog\/wp-json\/wp\/v2\/types\/post"}],"author":[{"embeddable":true,"href":"https:\/\/www.basika.fr\/blog\/wp-json\/wp\/v2\/users\/1"}],"replies":[{"embeddable":true,"href":"https:\/\/www.basika.fr\/blog\/wp-json\/wp\/v2\/comments?post=33"}],"version-history":[{"count":3,"href":"https:\/\/www.basika.fr\/blog\/wp-json\/wp\/v2\/posts\/33\/revisions"}],"predecessor-version":[{"id":749,"href":"https:\/\/www.basika.fr\/blog\/wp-json\/wp\/v2\/posts\/33\/revisions\/749"}],"wp:attachment":[{"href":"https:\/\/www.basika.fr\/blog\/wp-json\/wp\/v2\/media?parent=33"}],"wp:term":[{"taxonomy":"category","embeddable":true,"href":"https:\/\/www.basika.fr\/blog\/wp-json\/wp\/v2\/categories?post=33"},{"taxonomy":"post_tag","embeddable":true,"href":"https:\/\/www.basika.fr\/blog\/wp-json\/wp\/v2\/tags?post=33"}],"curies":[{"name":"wp","href":"https:\/\/api.w.org\/{rel}","templated":true}]}}