{"id":355,"date":"2014-02-10T11:05:47","date_gmt":"2014-02-10T10:05:47","guid":{"rendered":"https:\/\/www.basika.fr\/blog\/?p=355"},"modified":"2014-12-08T23:43:56","modified_gmt":"2014-12-08T22:43:56","slug":"le-lit-mezzanine-ideal-pour-une-chambre-dado","status":"publish","type":"post","link":"https:\/\/www.basika.fr\/blog\/le-lit-mezzanine-ideal-pour-une-chambre-dado\/","title":{"rendered":"Le lit mezzanine : id\u00e9al pour une chambre d&rsquo;ado !"},"content":{"rendered":"<p style=\"text-align: justify;\">Les chambres modernes sont bien souvent petites et de ce fait sont difficiles \u00e0 meubler efficacement. Lorsque l&rsquo;enfant devient ado, les besoins en meubles fonctionnels sont plus importants, et souvent indispensables. De plus, les ados sont difficiles \u00e0 contenter dans leurs contradictions, et leurs go\u00fbts particuliers&#8230; Peut-on r\u00e9soudre ces deux probl\u00e8mes \u00e0 la fois ?<\/p>\n<p style=\"text-align: justify;\"><!--more--><\/p>\n<h3 style=\"text-align: justify;\"><strong>Le lit mezzanine : parce qu&rsquo;il est le plus pratique !<\/strong><\/h3>\n<p style=\"text-align: center;\"><strong><img loading=\"lazy\" decoding=\"async\" class=\"aligncenter\" src=\"http:\/\/www.basika.fr\/photos\/100032918-1\/mezzanines-twinny.jpg\" alt=\"\" width=\"360\" height=\"289\" \/><br \/>\n<\/strong><\/p>\n<p style=\"text-align: justify;\">Un lit classique prend beaucoup de place au sol, et souvent aussi contre un mur, emp\u00eachant de placer des meubles pourtant indispensables \u00e0 la<strong> chambre d&rsquo;ado<\/strong>, comme le bureau. Le <strong>lit mezzanine<\/strong> lib\u00e8re cette surface, comme si vous agrandissiez d&rsquo;autant la pi\u00e8ce&#8230; Vous y logerez les meubles qui y sont d\u00e9j\u00e0, et ceux qui sont maintenant n\u00e9cessaires. Et puis, avez-vous d\u00e9j\u00e0 pass\u00e9 l&rsquo;aspirateur sous un lit classique? Vous oublierez cette p\u00e9nibilit\u00e9&#8230;<\/p>\n<h3 style=\"text-align: justify;\"><strong>Dans une chambre d&rsquo;ado : parce qu&rsquo;il leur plait !<\/strong><\/h3>\n<p style=\"text-align: justify;\">Les adolescents ont souvent des envies contradictoires : envie de ne plus ob\u00e9ir, de dominer, mais aussi encore un besoin d&rsquo;\u00eatre prot\u00e9g\u00e9. Inconsciemment, le lit en hauteur donne \u00e0 l&rsquo;ado qui y dort l&rsquo;impression de dominer. Et lorsqu&rsquo;il est \u00e0 son bureau pour ses devoirs, ou pour surfer sur internet, il se sent abrit\u00e9 par son lit&#8230; Le <a title=\"lit mezzanine\" href=\"http:\/\/www.basika.fr\/meuble-lit-mezzanine.htm\" target=\"_blank\">lit mezzanine<\/a> donne aussi \u00e0 la chambre d&rsquo;ado un c\u00f4t\u00e9 studio branch\u00e9 qui r\u00e9pond bien \u00e0 l&rsquo;envie d&rsquo;autonomie et de modernit\u00e9 de l&rsquo;ado&#8230; Et puis, ce lit l\u00e0, \u00e7a n&rsquo;est pas pour les enfants !<\/p>\n<p style=\"text-align: justify;\">&nbsp;<\/p>\n","protected":false},"excerpt":{"rendered":"<p>Les chambres modernes sont bien souvent petites et de ce fait sont difficiles \u00e0 meubler efficacement. Lorsque l&rsquo;enfant devient ado, les besoins en meubles fonctionnels sont plus importants, et souvent indispensables. De plus, les ados sont difficiles \u00e0 contenter dans leurs contradictions, et leurs go\u00fbts particuliers&#8230; Peut-on r\u00e9soudre ces deux probl\u00e8mes \u00e0 la fois ?<\/p>\n","protected":false},"author":1,"featured_media":0,"comment_status":"closed","ping_status":"open","sticky":false,"template":"","format":"standard","meta":{"footnotes":""},"categories":[1],"tags":[170,120],"class_list":["post-355","post","type-post","status-publish","format-standard","hentry","category-non-classe","tag-chambre-dado","tag-lit-mezzanine"],"aioseo_notices":[],"amp_enabled":true,"_links":{"self":[{"href":"https:\/\/www.basika.fr\/blog\/wp-json\/wp\/v2\/posts\/355","targetHints":{"allow":["GET"]}}],"collection":[{"href":"https:\/\/www.basika.fr\/blog\/wp-json\/wp\/v2\/posts"}],"about":[{"href":"https:\/\/www.basika.fr\/blog\/wp-json\/wp\/v2\/types\/post"}],"author":[{"embeddable":true,"href":"https:\/\/www.basika.fr\/blog\/wp-json\/wp\/v2\/users\/1"}],"replies":[{"embeddable":true,"href":"https:\/\/www.basika.fr\/blog\/wp-json\/wp\/v2\/comments?post=355"}],"version-history":[{"count":2,"href":"https:\/\/www.basika.fr\/blog\/wp-json\/wp\/v2\/posts\/355\/revisions"}],"predecessor-version":[{"id":742,"href":"https:\/\/www.basika.fr\/blog\/wp-json\/wp\/v2\/posts\/355\/revisions\/742"}],"wp:attachment":[{"href":"https:\/\/www.basika.fr\/blog\/wp-json\/wp\/v2\/media?parent=355"}],"wp:term":[{"taxonomy":"category","embeddable":true,"href":"https:\/\/www.basika.fr\/blog\/wp-json\/wp\/v2\/categories?post=355"},{"taxonomy":"post_tag","embeddable":true,"href":"https:\/\/www.basika.fr\/blog\/wp-json\/wp\/v2\/tags?post=355"}],"curies":[{"name":"wp","href":"https:\/\/api.w.org\/{rel}","templated":true}]}}