{"id":365,"date":"2014-02-20T11:59:45","date_gmt":"2014-02-20T10:59:45","guid":{"rendered":"https:\/\/www.basika.fr\/blog\/?p=365"},"modified":"2021-02-05T10:34:09","modified_gmt":"2021-02-05T09:34:09","slug":"du-mobilier-noir-pour-mon-sejour","status":"publish","type":"post","link":"https:\/\/www.basika.fr\/blog\/du-mobilier-noir-pour-mon-sejour\/","title":{"rendered":"Du mobilier noir pour mon s\u00e9jour"},"content":{"rendered":"<p style=\"text-align: justify;\">M\u00eame dans la d\u00e9co, il y a des tendances et en ce moment, elle est dans le <strong>mobilier de couleur noire<\/strong>. Si l&rsquo;on a suffisamment de lumi\u00e8re dans le s\u00e9jour, on peut se permettre du mobilier noir.<\/p>\n<p style=\"text-align: justify;\"><!--more--><\/p>\n<h3 style=\"text-align: justify;\"><strong>Comment choisir son mobilier ?<\/strong><\/h3>\n<p><strong><img loading=\"lazy\" decoding=\"async\" class=\"aligncenter\" src=\"http:\/\/www.basika.fr\/photos\/100033454\/tables-repas-cromo-laque-noir.jpg\" alt=\"\" width=\"200\" height=\"143\" \/><br \/>\n<\/strong><\/p>\n<p style=\"text-align: justify;\">Pour des questions d&rsquo;esth\u00e9tique et de modernit\u00e9, on peut choisir du <strong>mobilier noir<\/strong> pour le s\u00e9jour : canap\u00e9, table, chaises, meuble TV ou encore biblioth\u00e8que. Ceci s&rsquo;accommodera tr\u00e8s bien avec des murs clairs et \/ ou des tapis et rideaux clairs et rendra le s\u00e9jour moderne. La d\u00e9coration avec des meubles noirs peut aller jusqu&rsquo;aux accessoires tels que miroir, chandeliers, gu\u00e9ridons, poufs, etc. La sobri\u00e9t\u00e9 d&rsquo;une d\u00e9coration en noir permettra d&rsquo;obtenir un s\u00e9jour moderne.<\/p>\n<h3 style=\"text-align: justify;\"><strong>Les mat\u00e9riaux et les couleurs<\/strong><\/h3>\n<p style=\"text-align: justify;\">Hormis le bois comme l&rsquo;\u00e9b\u00e8ne qui est naturellement fonc\u00e9, on trouvera aussi des contreplaqu\u00e9s color\u00e9s en noir. Pour les canap\u00e9s et fauteuils, on pourra opter pour du cuir, du sky ou des tissus. Enfin pour les tables \u00e0 manger ou tables basses, il existe de beaux verres teint\u00e9s en noir. Pour cr\u00e9er un effet de contraste ou pour casser l&rsquo;aspect froid du noir, on n&rsquo;h\u00e9sitera pas \u00e0 ajouter des \u00e9l\u00e9ments de d\u00e9coration de couleur. Mais attention \u00e0 ne pas barioler, sinon le noir sera effac\u00e9. Donc, on pourra ajouter des rideaux cr\u00e8me par exemple, ou encore des fleurs et tableaux color\u00e9s qui viendront casser la sobri\u00e9t\u00e9 du noir.<\/p>\n<p style=\"text-align: justify;\">Le <strong>mobilier noir <\/strong>va avoir un rendu tr\u00e8s chic pour peu qu&rsquo;on lui ajoute quelques pointes de couleurs claires.<\/p>\n<p style=\"text-align: justify;\">&nbsp;<\/p>\n","protected":false},"excerpt":{"rendered":"<p>M\u00eame dans la d\u00e9co, il y a des tendances et en ce moment, elle est dans le mobilier de couleur noire. Si l&rsquo;on a suffisamment de lumi\u00e8re dans le s\u00e9jour, on peut se permettre du mobilier noir.<\/p>\n","protected":false},"author":1,"featured_media":0,"comment_status":"closed","ping_status":"open","sticky":false,"template":"","format":"standard","meta":{"footnotes":""},"categories":[493],"tags":[173,172],"class_list":["post-365","post","type-post","status-publish","format-standard","hentry","category-inspirations-par-piece","tag-meubles-noirs","tag-mobilier-noir"],"aioseo_notices":[],"amp_enabled":true,"_links":{"self":[{"href":"https:\/\/www.basika.fr\/blog\/wp-json\/wp\/v2\/posts\/365","targetHints":{"allow":["GET"]}}],"collection":[{"href":"https:\/\/www.basika.fr\/blog\/wp-json\/wp\/v2\/posts"}],"about":[{"href":"https:\/\/www.basika.fr\/blog\/wp-json\/wp\/v2\/types\/post"}],"author":[{"embeddable":true,"href":"https:\/\/www.basika.fr\/blog\/wp-json\/wp\/v2\/users\/1"}],"replies":[{"embeddable":true,"href":"https:\/\/www.basika.fr\/blog\/wp-json\/wp\/v2\/comments?post=365"}],"version-history":[{"count":3,"href":"https:\/\/www.basika.fr\/blog\/wp-json\/wp\/v2\/posts\/365\/revisions"}],"predecessor-version":[{"id":367,"href":"https:\/\/www.basika.fr\/blog\/wp-json\/wp\/v2\/posts\/365\/revisions\/367"}],"wp:attachment":[{"href":"https:\/\/www.basika.fr\/blog\/wp-json\/wp\/v2\/media?parent=365"}],"wp:term":[{"taxonomy":"category","embeddable":true,"href":"https:\/\/www.basika.fr\/blog\/wp-json\/wp\/v2\/categories?post=365"},{"taxonomy":"post_tag","embeddable":true,"href":"https:\/\/www.basika.fr\/blog\/wp-json\/wp\/v2\/tags?post=365"}],"curies":[{"name":"wp","href":"https:\/\/api.w.org\/{rel}","templated":true}]}}