{"id":389,"date":"2014-03-25T11:51:48","date_gmt":"2014-03-25T10:51:48","guid":{"rendered":"https:\/\/www.basika.fr\/blog\/?p=389"},"modified":"2014-03-03T16:55:54","modified_gmt":"2014-03-03T15:55:54","slug":"le-mobilier-flashy-a-utiliser-avec-moderation","status":"publish","type":"post","link":"https:\/\/www.basika.fr\/blog\/le-mobilier-flashy-a-utiliser-avec-moderation\/","title":{"rendered":"Le mobilier flashy : \u00e0 utiliser avec mod\u00e9ration"},"content":{"rendered":"<p style=\"text-align: justify;\">Le<strong> mobilier <\/strong>est la derni\u00e8re griffe \u00e0 apporter \u00e0 son int\u00e9rieur afin qu\u2019il soit personnalis\u00e9 et \u00e0 notre go\u00fbt. Il faut donc le choisir de mani\u00e8re r\u00e9fl\u00e9chie.<\/p>\n<p style=\"text-align: justify;\"><!--more--><\/p>\n<h3 style=\"text-align: justify;\"><strong>Une petite touche de couleur<\/strong><\/h3>\n<p style=\"text-align: justify;\">C\u2019est la mode, c\u2019est tendance : nous parlons bien \u00e9videmment des <strong>meubles color\u00e9s<\/strong>. En effet, depuis quelques temps, le mobilier flashy est devenu tr\u00e8s en vogue. Que ce soit une table basse rouge dans un int\u00e9rieur moderne ou un canap\u00e9 vert pomme dans un d\u00e9cor plus traditionnel, les couleurs sont partout ! Dans le salon, la chambre ou encore la salle de bain, rien ne vous emp\u00eache d\u2019illuminer une pi\u00e8ce gr\u00e2ce \u00e0 un mobilier color\u00e9, il faut juste oser la diff\u00e9rence et l\u2019originalit\u00e9.<\/p>\n<h3 style=\"text-align: justify;\"><strong>Attention \u00e0 ne pas tomber dans l\u2019exc\u00e8s<\/strong><\/h3>\n<p style=\"text-align: justify;\">Bien s\u00fbr, la couleur, c\u2019est joli, mais attention \u00e0 ne pas vouloir trop en faire. Parce que quelques meubles color\u00e9s \u00e9gaient une pi\u00e8ce, la rendent plus vivante, certes, mais quand il y en a trop \u00e7a se transforme vite en faute de go\u00fbt. Alors, dans une pi\u00e8ce aux murs vifs, il ne vaut mieux pas choisir du mobilier color\u00e9 dans les m\u00eames tons. Le ma\u00eetre mot dans la d\u00e9co flashy c\u2019est l\u2019harmonie, donc attention \u00e0 bien tout assortir.<\/p>\n<p>Retenons donc que le <strong>mobilier color\u00e9<\/strong> est une vraie r\u00e9volution dans le monde de la d\u00e9coration et que les meubles de couleurs sont parfaits pour apporter un grain de fantaisie dans un int\u00e9rieur, mais qu\u2019il faut tout de m\u00eame les utiliser avec mod\u00e9ration.<\/p>\n<p>&nbsp;<\/p>\n","protected":false},"excerpt":{"rendered":"<p>Le mobilier est la derni\u00e8re griffe \u00e0 apporter \u00e0 son int\u00e9rieur afin qu\u2019il soit personnalis\u00e9 et \u00e0 notre go\u00fbt. Il faut donc le choisir de mani\u00e8re r\u00e9fl\u00e9chie.<\/p>\n","protected":false},"author":1,"featured_media":0,"comment_status":"open","ping_status":"open","sticky":false,"template":"","format":"standard","meta":{"footnotes":""},"categories":[1],"tags":[185,184],"class_list":["post-389","post","type-post","status-publish","format-standard","hentry","category-non-classe","tag-meubles-colores","tag-mobilier-colore"],"aioseo_notices":[],"amp_enabled":true,"_links":{"self":[{"href":"https:\/\/www.basika.fr\/blog\/wp-json\/wp\/v2\/posts\/389","targetHints":{"allow":["GET"]}}],"collection":[{"href":"https:\/\/www.basika.fr\/blog\/wp-json\/wp\/v2\/posts"}],"about":[{"href":"https:\/\/www.basika.fr\/blog\/wp-json\/wp\/v2\/types\/post"}],"author":[{"embeddable":true,"href":"https:\/\/www.basika.fr\/blog\/wp-json\/wp\/v2\/users\/1"}],"replies":[{"embeddable":true,"href":"https:\/\/www.basika.fr\/blog\/wp-json\/wp\/v2\/comments?post=389"}],"version-history":[{"count":1,"href":"https:\/\/www.basika.fr\/blog\/wp-json\/wp\/v2\/posts\/389\/revisions"}],"predecessor-version":[{"id":390,"href":"https:\/\/www.basika.fr\/blog\/wp-json\/wp\/v2\/posts\/389\/revisions\/390"}],"wp:attachment":[{"href":"https:\/\/www.basika.fr\/blog\/wp-json\/wp\/v2\/media?parent=389"}],"wp:term":[{"taxonomy":"category","embeddable":true,"href":"https:\/\/www.basika.fr\/blog\/wp-json\/wp\/v2\/categories?post=389"},{"taxonomy":"post_tag","embeddable":true,"href":"https:\/\/www.basika.fr\/blog\/wp-json\/wp\/v2\/tags?post=389"}],"curies":[{"name":"wp","href":"https:\/\/api.w.org\/{rel}","templated":true}]}}