{"id":395,"date":"2014-04-03T16:08:06","date_gmt":"2014-04-03T14:08:06","guid":{"rendered":"https:\/\/www.basika.fr\/blog\/?p=395"},"modified":"2020-11-20T14:10:02","modified_gmt":"2020-11-20T13:10:02","slug":"comment-choisir-mon-salon-de-jardin","status":"publish","type":"post","link":"https:\/\/www.basika.fr\/blog\/comment-choisir-mon-salon-de-jardin\/","title":{"rendered":"Comment choisir mon salon de jardin ?"},"content":{"rendered":"<p style=\"text-align: justify;\">Avec l&rsquo;arriv\u00e9e des beaux jours, il est tout \u00e0 fait naturel de vouloir se pr\u00e9lasser \u00e0 l&rsquo;ombre d&rsquo;un parasol en sirotant une grenadine. C&rsquo;est pourquoi le <strong>salon de jardin <\/strong>est de plus en plus pris\u00e9 ces derni\u00e8res ann\u00e9es. Cependant, il est difficile de trouver le mod\u00e8le qui correspondra parfaitement \u00e0 votre ext\u00e9rieur. Si l&rsquo;achat se fait sur un coup de c\u0153ur, vous vous retrouverez vite avec un <a title=\"mobilier de jardin\" href=\"http:\/\/www.basika.fr\/meuble-jardin.htm\" target=\"_blank\">mobilier de jardin<\/a> trop encombrant ou qui fait t\u00e2che dans le d\u00e9cor.<\/p>\n<p style=\"text-align: justify;\"><!--more--><\/p>\n<h3 style=\"text-align: justify;\"><strong>Les questions \u00e0 se poser avant l&rsquo;achat<\/strong><\/h3>\n<p style=\"text-align: justify;\">Serait-ce plut\u00f4t pour manger ou se d\u00e9tendre ? Contrairement \u00e0 il y a encore quelques ann\u00e9es, le salon de jardin ne rime plus avec table haute et chaises assorties. Les mod\u00e8les sont de plus en plus vari\u00e9s, des canap\u00e9s aux poufs en passant par le fauteuil \u0153uf, vous en retrouverez pour tous les usages. La taille n&rsquo;est pas votre premier souci. Cependant, si vous disposez d&rsquo;un espace r\u00e9duit, pensez au mobilier de jardin encastrable. Ce qu&rsquo;il faudra surtout prendre en compte, c&rsquo;est le nombre de personnes que vous souhaiteriez accueillir dans votre jardin ou sur votre terrasse. Comptez-vous souvent donner l&rsquo;ap\u00e9ro ou r\u00e9servez-vous surtout votre ext\u00e9rieur pour les apr\u00e8s-midi farniente ?<\/p>\n<h3 style=\"text-align: justify;\"><strong>Quels mat\u00e9riaux choisir pour mon salon de jardin ?<\/strong><\/h3>\n<p style=\"text-align: justify;\">Le bois vous plonge imm\u00e9diatement dans une ambiance champ\u00eatre et chaleureuse. Les essences r\u00e9sistantes aux intemp\u00e9ries sont \u00e0 privil\u00e9gier, telles le teck, l&rsquo;acacia ou le pin. Ce mat\u00e9riau noble n\u00e9cessite cependant certains sacrifices. Outre le prix pour avoir des meubles solides et durables, son entretien ne doit pas \u00eatre n\u00e9glig\u00e9. Si vous aimez les objets \u00e0 l&rsquo;esprit romantico-baroque, le fer forg\u00e9 fera votre bonheur. A la fois solide et r\u00e9sistant, il n\u00e9cessite cependant un entretien r\u00e9gulier. Si vous voulez apporter une touche de design \u00e0 votre jardin, pr\u00e9f\u00e9rez plut\u00f4t de l&rsquo;aluminium. Beaucoup moins cher, il est \u00e9galement tr\u00e8s facile d&rsquo;entretien en plus d&rsquo;\u00eatre l\u00e9ger.La r\u00e9sine tress\u00e9e est la nouvelle mati\u00e8re tendance que l&rsquo;on retrouve dans tous les ext\u00e9rieurs. Son allure contemporaine mettra en valeur votre espace et ses coloris vari\u00e9s satisferont tous les go\u00fbts.<\/p>\n","protected":false},"excerpt":{"rendered":"<p>Avec l&rsquo;arriv\u00e9e des beaux jours, il est tout \u00e0 fait naturel de vouloir se pr\u00e9lasser \u00e0 l&rsquo;ombre d&rsquo;un parasol en sirotant une grenadine. C&rsquo;est pourquoi le salon de jardin est de plus en plus pris\u00e9 ces derni\u00e8res ann\u00e9es. Cependant, il est difficile de trouver le mod\u00e8le qui correspondra parfaitement \u00e0 votre ext\u00e9rieur. Si l&rsquo;achat se<\/p>\n","protected":false},"author":1,"featured_media":0,"comment_status":"closed","ping_status":"open","sticky":false,"template":"","format":"standard","meta":{"footnotes":""},"categories":[492],"tags":[14,13],"class_list":["post-395","post","type-post","status-publish","format-standard","hentry","category-guides-achats","tag-mobilier-de-jardin","tag-salon-de-jardin"],"aioseo_notices":[],"amp_enabled":true,"_links":{"self":[{"href":"https:\/\/www.basika.fr\/blog\/wp-json\/wp\/v2\/posts\/395","targetHints":{"allow":["GET"]}}],"collection":[{"href":"https:\/\/www.basika.fr\/blog\/wp-json\/wp\/v2\/posts"}],"about":[{"href":"https:\/\/www.basika.fr\/blog\/wp-json\/wp\/v2\/types\/post"}],"author":[{"embeddable":true,"href":"https:\/\/www.basika.fr\/blog\/wp-json\/wp\/v2\/users\/1"}],"replies":[{"embeddable":true,"href":"https:\/\/www.basika.fr\/blog\/wp-json\/wp\/v2\/comments?post=395"}],"version-history":[{"count":2,"href":"https:\/\/www.basika.fr\/blog\/wp-json\/wp\/v2\/posts\/395\/revisions"}],"predecessor-version":[{"id":751,"href":"https:\/\/www.basika.fr\/blog\/wp-json\/wp\/v2\/posts\/395\/revisions\/751"}],"wp:attachment":[{"href":"https:\/\/www.basika.fr\/blog\/wp-json\/wp\/v2\/media?parent=395"}],"wp:term":[{"taxonomy":"category","embeddable":true,"href":"https:\/\/www.basika.fr\/blog\/wp-json\/wp\/v2\/categories?post=395"},{"taxonomy":"post_tag","embeddable":true,"href":"https:\/\/www.basika.fr\/blog\/wp-json\/wp\/v2\/tags?post=395"}],"curies":[{"name":"wp","href":"https:\/\/api.w.org\/{rel}","templated":true}]}}