{"id":408,"date":"2014-04-18T16:57:28","date_gmt":"2014-04-18T14:57:28","guid":{"rendered":"https:\/\/www.basika.fr\/blog\/?p=408"},"modified":"2021-06-10T16:04:16","modified_gmt":"2021-06-10T14:04:16","slug":"meubler-une-chambre-dado","status":"publish","type":"post","link":"https:\/\/www.basika.fr\/blog\/meubler-une-chambre-dado\/","title":{"rendered":"Meubler une chambre d&rsquo;ado"},"content":{"rendered":"<p style=\"text-align: justify;\">Votre ado en a marre de sa chambre d&rsquo;enfant et souhaite changer de mobilier ? Difficile de meubler une <strong>chambre d&rsquo;ado<\/strong> qui mettra d&rsquo;accord parents et enfants. La chambre d&rsquo;ado doit refl\u00e9ter sa personnalit\u00e9 et il doit s&rsquo;y sentir \u00e0 l&rsquo;aise. Rien de tel qu&rsquo;un mobilier design et pas cher pour le satisfaire.<\/p>\n<p style=\"text-align: justify;\"><!--more--><\/p>\n<h2 style=\"text-align: justify;\">Un mobilier pratique et multifonction<\/h2>\n<p style=\"text-align: justify;\">Il existe aujourd&rsquo;hui un tr\u00e8s grand choix de <strong>mobilier pour les adolescents<\/strong>. Les adolescents ont besoin de place et il faut donc privil\u00e9gier les meubles multifonctions. Par exemple, un meuble qui sert de bureau le jour et laisse place \u00e0 un lit le soir sera tr\u00e8s appr\u00e9ci\u00e9. Sinon, un canap\u00e9-lit permettra \u00e0 l&rsquo;ado de recevoir ses amis le jour et de dormir la nuit. Gain de place assur\u00e9 !Un bureau doit obligatoirement faire partie du mobilier pour les adolescents. Il doit \u00eatre solide et assez grand pour pouvoir poser des livres, un ordinateur et une lampe de bureau.<\/p>\n<h2 style=\"text-align: justify;\">Des meubles design<\/h2>\n<p style=\"text-align: justify;\">Un <strong>mobilier pour les adolescents<\/strong> doit \u00eatre design. Les adolescents aiment le c\u00f4t\u00e9 \u00ab\u00a0usine\u00a0\u00bb avec des meubles en acier. Le placard et le bureau devront \u00eatre fabriqu\u00e9s dans la m\u00eame mati\u00e8re pour cr\u00e9er une harmonie. Les couleurs les plus appr\u00e9ci\u00e9es sont le blanc, le gris et le noir. Le plus important est de faire de la chambre d&rsquo;ado un lieu moderne et fonctionnel.<\/p>\n<p style=\"text-align: justify;\">N&rsquo;oubliez pas que vos ados ne sont plus des enfants ! Ils ont leur mot \u00e0 dire pour leur <a title=\"chambre \u00e0 coucher\" href=\"http:\/\/www.basika.fr\/meuble-chambre-adulte-complete.htm\" target=\"_blank\" rel=\"noopener noreferrer\">chambre \u00e0 coucher<\/a> et il faut les laissez choisir le mobilier qui correspond \u00e0 leur personnalit\u00e9 et \u00e0 leur style.<\/p>\n<p style=\"text-align: justify;\">&nbsp;<\/p>\n<p>&nbsp;<\/p>\n","protected":false},"excerpt":{"rendered":"<p>Votre ado en a marre de sa chambre d&rsquo;enfant et souhaite changer de mobilier ? Difficile de meubler une chambre d&rsquo;ado qui mettra d&rsquo;accord parents et enfants. La chambre d&rsquo;ado doit refl\u00e9ter sa personnalit\u00e9 et il doit s&rsquo;y sentir \u00e0 l&rsquo;aise. Rien de tel qu&rsquo;un mobilier design et pas cher pour le satisfaire.<\/p>\n","protected":false},"author":1,"featured_media":0,"comment_status":"open","ping_status":"open","sticky":false,"template":"","format":"standard","meta":{"footnotes":""},"categories":[493],"tags":[27,170],"class_list":["post-408","post","type-post","status-publish","format-standard","hentry","category-inspirations-par-piece","tag-chambre-a-coucher","tag-chambre-dado"],"aioseo_notices":[],"amp_enabled":true,"_links":{"self":[{"href":"https:\/\/www.basika.fr\/blog\/wp-json\/wp\/v2\/posts\/408","targetHints":{"allow":["GET"]}}],"collection":[{"href":"https:\/\/www.basika.fr\/blog\/wp-json\/wp\/v2\/posts"}],"about":[{"href":"https:\/\/www.basika.fr\/blog\/wp-json\/wp\/v2\/types\/post"}],"author":[{"embeddable":true,"href":"https:\/\/www.basika.fr\/blog\/wp-json\/wp\/v2\/users\/1"}],"replies":[{"embeddable":true,"href":"https:\/\/www.basika.fr\/blog\/wp-json\/wp\/v2\/comments?post=408"}],"version-history":[{"count":2,"href":"https:\/\/www.basika.fr\/blog\/wp-json\/wp\/v2\/posts\/408\/revisions"}],"predecessor-version":[{"id":2492,"href":"https:\/\/www.basika.fr\/blog\/wp-json\/wp\/v2\/posts\/408\/revisions\/2492"}],"wp:attachment":[{"href":"https:\/\/www.basika.fr\/blog\/wp-json\/wp\/v2\/media?parent=408"}],"wp:term":[{"taxonomy":"category","embeddable":true,"href":"https:\/\/www.basika.fr\/blog\/wp-json\/wp\/v2\/categories?post=408"},{"taxonomy":"post_tag","embeddable":true,"href":"https:\/\/www.basika.fr\/blog\/wp-json\/wp\/v2\/tags?post=408"}],"curies":[{"name":"wp","href":"https:\/\/api.w.org\/{rel}","templated":true}]}}