{"id":47,"date":"2013-05-02T16:22:57","date_gmt":"2013-05-02T14:22:57","guid":{"rendered":"https:\/\/www.basika.fr\/blog\/?p=47"},"modified":"2020-11-13T16:39:31","modified_gmt":"2020-11-13T15:39:31","slug":"a-la-decouverte-de-la-salle-a-manger-pisa","status":"publish","type":"post","link":"https:\/\/www.basika.fr\/blog\/a-la-decouverte-de-la-salle-a-manger-pisa\/","title":{"rendered":"A la d\u00e9couverte de la salle \u00e0 manger Pisa"},"content":{"rendered":"<p>Vous avez envie de changer le mobilier de votre <a title=\"Salle \u00e0 manger Gloria\" href=\"http:\/\/www.basika.fr\/meuble\/pisa-laquee-bicolore-noir-blanc-salle-a-manger-complete\/100029934.htm\">salle \u00e0 manger<\/a> ? Aujourd\u2019hui, nous vous proposons de d\u00e9couvrir la collection Pisa\u00a0: elle est pleine de charme, moderne et vraiment pas ch\u00e8re.<\/p>\n<p><!--more--><\/p>\n<h3><strong>La salle \u00e0 manger Pisa\u00a0: 3 mod\u00e8les pour vous s\u00e9duire\u00a0!<\/strong><\/h3>\n<p><strong> <\/strong><\/p>\n<p>Sur la boutique en ligne Basika, vous aurez le choix entre 3 mod\u00e8les de la gamme Pisa.<\/p>\n<p>Le ch\u00eane blanchi est \u00e0 la fois contemporain et sobre\u00a0: avec ce mod\u00e8le, vous ne risquez pas de vous tromper. Votre int\u00e9rieur aura tout simplement beaucoup de go\u00fbt\u00a0! Le laqu\u00e9 bicolore noir et blanc est id\u00e9al si vous aimez la d\u00e9coration design. Si vous cherchez plut\u00f4t \u00e0 cr\u00e9er une ambiance \u00e9pur\u00e9e dans votre <strong>s\u00e9jour<\/strong>, vous pr\u00e9f\u00e9rerez sans doute le laqu\u00e9 bicolore blanc et gris\u00a0!<\/p>\n<p><strong> <\/strong><\/p>\n<h3><strong>Du mobilier italien abordable<\/strong><\/h3>\n<p>La provenance des <strong>meubles de la salle \u00e0 manger Pisa<\/strong> est l\u2019Italie : son nom n\u2019est donc pas choisi au hasard ! En plus, comme vous pouvez vous en douter, il s\u2019agit d\u2019un v\u00e9ritable gage de qualit\u00e9 et de bon go\u00fbt ! Gr\u00e2ce \u00e0 Basika, vous allez donc pouvoir vous offrir du mobilier discount de tr\u00e8s bonne qualit\u00e9. Par exemple, la salle \u00e0 manger Pisa compl\u00e8te laqu\u00e9e en noir et blanc est disponible au prix de 1492\u20ac, ce qui est vraiment tr\u00e8s abordable. Elle se compose d\u2019une table rectangulaire pour prendre les repas en famille, de 4 chaises, d\u2019un bahut 4 portes, d\u2019une vitrine et d\u2019un miroir mural rectangulaire.<\/p>\n<p>&nbsp;<\/p>\n","protected":false},"excerpt":{"rendered":"<p>Vous avez envie de changer le mobilier de votre salle \u00e0 manger ? Aujourd\u2019hui, nous vous proposons de d\u00e9couvrir la collection Pisa\u00a0: elle est pleine de charme, moderne et vraiment pas ch\u00e8re.<\/p>\n","protected":false},"author":1,"featured_media":0,"comment_status":"closed","ping_status":"open","sticky":false,"template":"","format":"standard","meta":{"footnotes":""},"categories":[493],"tags":[25,26,24],"class_list":["post-47","post","type-post","status-publish","format-standard","hentry","category-inspirations-par-piece","tag-meubles-salle-a-manger","tag-pisa","tag-salle-a-manger"],"aioseo_notices":[],"amp_enabled":true,"_links":{"self":[{"href":"https:\/\/www.basika.fr\/blog\/wp-json\/wp\/v2\/posts\/47","targetHints":{"allow":["GET"]}}],"collection":[{"href":"https:\/\/www.basika.fr\/blog\/wp-json\/wp\/v2\/posts"}],"about":[{"href":"https:\/\/www.basika.fr\/blog\/wp-json\/wp\/v2\/types\/post"}],"author":[{"embeddable":true,"href":"https:\/\/www.basika.fr\/blog\/wp-json\/wp\/v2\/users\/1"}],"replies":[{"embeddable":true,"href":"https:\/\/www.basika.fr\/blog\/wp-json\/wp\/v2\/comments?post=47"}],"version-history":[{"count":2,"href":"https:\/\/www.basika.fr\/blog\/wp-json\/wp\/v2\/posts\/47\/revisions"}],"predecessor-version":[{"id":621,"href":"https:\/\/www.basika.fr\/blog\/wp-json\/wp\/v2\/posts\/47\/revisions\/621"}],"wp:attachment":[{"href":"https:\/\/www.basika.fr\/blog\/wp-json\/wp\/v2\/media?parent=47"}],"wp:term":[{"taxonomy":"category","embeddable":true,"href":"https:\/\/www.basika.fr\/blog\/wp-json\/wp\/v2\/categories?post=47"},{"taxonomy":"post_tag","embeddable":true,"href":"https:\/\/www.basika.fr\/blog\/wp-json\/wp\/v2\/tags?post=47"}],"curies":[{"name":"wp","href":"https:\/\/api.w.org\/{rel}","templated":true}]}}