{"id":476,"date":"2014-07-04T09:59:06","date_gmt":"2014-07-04T07:59:06","guid":{"rendered":"https:\/\/www.basika.fr\/blog\/?p=476"},"modified":"2014-09-11T16:58:45","modified_gmt":"2014-09-11T14:58:45","slug":"les-soldes-2014-continuent","status":"publish","type":"post","link":"https:\/\/www.basika.fr\/blog\/les-soldes-2014-continuent\/","title":{"rendered":"Les Soldes 2014 continuent !"},"content":{"rendered":"<p><strong>Les Soldes<\/strong> ont commenc\u00e9 le 2 Juillet dans les magasins de la r\u00e9gion PACA ! Toutes les meilleures offres d\u00e9couvertes sur le site Basika derni\u00e8rement sont maintenant disponibles dans les magasins de l&rsquo;enseigne ! L&rsquo;occasion pour nous de revenir sur des articles \u00e0 ne pas louper cet \u00e9t\u00e9&#8230;<\/p>\n<p><a href=\"http:\/\/www.basika.fr\/soldes-meubles.htm\"><img loading=\"lazy\" decoding=\"async\" class=\"aligncenter size-full wp-image-478\" title=\"fb_soldes\" src=\"http:\/\/www.basika.fr\/blog\/wp-content\/uploads\/fb_soldes1.jpg\" alt=\"\" width=\"843\" height=\"504\" srcset=\"https:\/\/www.basika.fr\/blog\/wp-content\/uploads\/fb_soldes1.jpg 843w, https:\/\/www.basika.fr\/blog\/wp-content\/uploads\/fb_soldes1-300x179.jpg 300w\" sizes=\"auto, (max-width: 843px) 100vw, 843px\" \/><\/a><\/p>\n<h3><strong>Une large s\u00e9lection d&rsquo;articles \u00e0 d\u00e9couvrir sur le site internet ou en magasin<\/strong><\/h3>\n<p>En effet, depuis deux jours, vous pouvez profiter des nombreuses remises Basika dans les magasins de la r\u00e9gion PACA. Du <strong>meuble d&rsquo;appoint<\/strong> \u00e0 la <strong>salle \u00e0 manger compl\u00e8te<\/strong>, vous trouverez forc\u00e9ment le mobilier qui vous int\u00e9resse \u00e0 prix r\u00e9duit !<\/p>\n<p>Si vous cherchez des meubles en bois, le s\u00e9jour MUNCHEN est fait pour vous: Ce s\u00e9jour ethnique en acacia massif \u00a0comporte une <a href=\"http:\/\/www.basika.fr\/meuble\/munchen-table-basse\/100035640.htm\">table basse<\/a>, une <a href=\"http:\/\/www.basika.fr\/meuble\/munchen-table-de-repas\/100035633.htm\">table de repas<\/a>, une <a href=\"http:\/\/www.basika.fr\/meuble\/munchen-etagere-gm\/100035636.htm\">\u00e9tag\u00e8re<\/a>, une <a href=\"http:\/\/www.basika.fr\/meuble\/munchen-vitrine\/100035639.htm\">vitrine<\/a>, et un <a href=\"http:\/\/www.basika.fr\/meuble\/munchen-bahut-2-portes-2-tiroirs\/100035634.htm\">bahut<\/a> !<\/p>\n<p>Les enfants ne sont pas en reste: retrouvez notamment le<a href=\"http:\/\/www.basika.fr\/meuble\/race-car-lit\/100037124.htm\"> lit RACE CAR<\/a>, avec sa structure en panneaux de particules et son design original, la chambre de votre enfant sera unique en son genre !<\/p>\n<p>Alors n&rsquo;attendez plus ! <em>Pour rappel les Soldes s&rsquo;ach\u00e8vent le 29 Juillet, et le 5 Ao\u00fbt concernant la r\u00e9gion PACA.<\/em><\/p>\n<p><strong>Bon shopping \u00e0 tous et \u00e0 toutes ! <\/strong><\/p>\n<p>&nbsp;<\/p>\n","protected":false},"excerpt":{"rendered":"<p>Les Soldes ont commenc\u00e9 le 2 Juillet dans les magasins de la r\u00e9gion PACA ! Toutes les meilleures offres d\u00e9couvertes sur le site Basika derni\u00e8rement sont maintenant disponibles dans les magasins de l&rsquo;enseigne ! L&rsquo;occasion pour nous de revenir sur des articles \u00e0 ne pas louper cet \u00e9t\u00e9&#8230; Une large s\u00e9lection d&rsquo;articles \u00e0 d\u00e9couvrir sur<\/p>\n","protected":false},"author":1,"featured_media":0,"comment_status":"closed","ping_status":"open","sticky":false,"template":"","format":"standard","meta":{"footnotes":""},"categories":[1],"tags":[210,178,48,205,202,204],"class_list":["post-476","post","type-post","status-publish","format-standard","hentry","category-non-classe","tag-magasin-meubles","tag-meubles-en-bois","tag-meubles-pas-chers","tag-soldes","tag-soldes-2014","tag-soldes-basika"],"aioseo_notices":[],"amp_enabled":true,"_links":{"self":[{"href":"https:\/\/www.basika.fr\/blog\/wp-json\/wp\/v2\/posts\/476","targetHints":{"allow":["GET"]}}],"collection":[{"href":"https:\/\/www.basika.fr\/blog\/wp-json\/wp\/v2\/posts"}],"about":[{"href":"https:\/\/www.basika.fr\/blog\/wp-json\/wp\/v2\/types\/post"}],"author":[{"embeddable":true,"href":"https:\/\/www.basika.fr\/blog\/wp-json\/wp\/v2\/users\/1"}],"replies":[{"embeddable":true,"href":"https:\/\/www.basika.fr\/blog\/wp-json\/wp\/v2\/comments?post=476"}],"version-history":[{"count":6,"href":"https:\/\/www.basika.fr\/blog\/wp-json\/wp\/v2\/posts\/476\/revisions"}],"predecessor-version":[{"id":609,"href":"https:\/\/www.basika.fr\/blog\/wp-json\/wp\/v2\/posts\/476\/revisions\/609"}],"wp:attachment":[{"href":"https:\/\/www.basika.fr\/blog\/wp-json\/wp\/v2\/media?parent=476"}],"wp:term":[{"taxonomy":"category","embeddable":true,"href":"https:\/\/www.basika.fr\/blog\/wp-json\/wp\/v2\/categories?post=476"},{"taxonomy":"post_tag","embeddable":true,"href":"https:\/\/www.basika.fr\/blog\/wp-json\/wp\/v2\/tags?post=476"}],"curies":[{"name":"wp","href":"https:\/\/api.w.org\/{rel}","templated":true}]}}